{"id":16593,"date":"2026-09-01T16:55:35","date_gmt":"2026-09-01T16:55:35","guid":{"rendered":"https:\/\/le-bol.fr\/blog\/?p=16593"},"modified":"2026-09-02T19:16:18","modified_gmt":"2026-09-02T19:16:18","slug":"reglement-europeen-emballages-ppwr","status":"publish","type":"post","link":"https:\/\/le-bol.fr\/blog\/reglement-europeen-emballages-ppwr\/","title":{"rendered":"Nouveau r\u00e8glement europ\u00e9en sur les emballages (PPWR) : le guide complet"},"content":{"rendered":"\n<p>Tu as peut-\u00eatre entendu parler r\u00e9cemment d\u2019une <strong>nouvelle r\u00e9glementation europ\u00e9enne sur les emballages, le PPWR<\/strong>, et l\u00e0, les questions ont commenc\u00e9 \u00e0 se bousculer&nbsp;:&nbsp;<em>Est-ce que je suis concern\u00e9\u00b7e en tant que c\u00e9ramiste&nbsp;? Qu\u2019est-ce que je dois changer&nbsp;? Est-ce que \u00e7a va me co\u00fbter plus cher&nbsp;? Et si je vends \u00e0 l\u2019\u00e9tranger&nbsp;?<\/em><br><br>Je t\u2019ai pr\u00e9par\u00e9 <strong>un guide complet et pratique<\/strong> pour t\u2019aider \u00e0 y voir plus clair et comprendre <strong>ce qui change concr\u00e8tement pour ton atelier de c\u00e9ramique<\/strong>, notamment si tu emballes et exp\u00e9dies tes pi\u00e8ces en France ou \u00e0 l\u2019\u00e9tranger.<\/p>\n\n\n\n<p class=\"has-small-font-size\"><em>A NOTER : Cet article refl\u00e8te, au jour de sa publication, l\u2019\u00e9tat de la r\u00e9glementation telle que je l\u2019ai comprise. Il ne saurait \u00eatre exhaustif, tant la masse d\u2019informations est grande et complexe. Cet article ne peut donc engager ni ma responsabilit\u00e9 personnelle, ni celle du Bol.<\/em> <em>Il est important de se renseigner aupr\u00e8s des autorit\u00e9s comp\u00e9tentes avant de prendre une d\u00e9cision qui impacterait ton entreprise.<\/em><\/p>\n\n\n\n<p class=\"has-text-align-center has-background\" style=\"background-color:#ece3d2\">Tu souhaites lancer ou am\u00e9liorer le fonctionnement de ton entreprise c\u00e9ramique&nbsp;?<br>D\u00e9couvre la formation en ligne : <strong><a href=\"https:\/\/le-bol.fr\/formation\/formation-devenir-ceramiste\">Cr\u00e9er un atelier de c\u00e9ramique rentable<\/a><\/strong> qui te donnera toutes les cl\u00e9s pour aller plus loin !<\/p>\n\n\n\t\t\t\t<div class=\"wp-block-uagb-table-of-contents uagb-toc__align-left uagb-toc__columns-1  uagb-block-89a0be49      uagb-toc__collapse--list\"\n\t\t\t\t\tdata-scroll= \"1\"\n\t\t\t\t\tdata-offset= \"30\"\n\t\t\t\t\tstyle=\"\"\n\t\t\t\t>\n\t\t\t\t<div class=\"uagb-toc__wrap\">\n\t\t\t\t\t\t<div class=\"uagb-toc__title\">\n\t\t\t\t\t\t\tDans cet article\t\t\t\t\t\t<\/div>\n\t\t\t\t\t\t\t\t\t\t\t\t<div class=\"uagb-toc__loader\"><\/div>\t\t\t\t\t\t\t\t\t\t<div class=\"uagb-toc__list-wrap uagb-toc__list-hidden\">\n\t\t\t\t\t\t<ol class=\"uagb-toc__list\"><li class=\"uagb-toc__list uagb-toc__list--expandable\"><span class=\"list-open\" role=\"button\" tabindex=\"0\" aria-expanded=\"true\"><\/span><a href=\"#lessentiel-\u00e0-savoir-sur-le-ppwr-et-lepr\" class=\"uagb-toc-link__trigger\">L&#039;essentiel \u00e0 savoir sur le PPWR et l&#039;EPR<\/a><ul class=\"uagb-toc__list\"><li class=\"uagb-toc__list \"><a href=\"#quest-ce-que-le-ppwr-le-nouveau-r\u00e8glement-europ\u00e9en-sur-les-emballages\" class=\"uagb-toc-link__trigger\">Qu\u2019est-ce que le PPWR, le nouveau r\u00e8glement europ\u00e9en sur les emballages\u00a0?<\/a><li class=\"uagb-toc__list\"><li class=\"uagb-toc__list \"><a href=\"#quels-sont-les-objectifs-du-ppwr\" class=\"uagb-toc-link__trigger\">Quels sont les objectifs du PPWR\u00a0?<\/a><li class=\"uagb-toc__list\"><li class=\"uagb-toc__list \"><a href=\"#quest-ce-que-lepr-ou-rep-responsabilit\u00e9-\u00e9largie-du-producteur\" class=\"uagb-toc-link__trigger\">Qu\u2019est-ce que l\u2019EPR ou REP (Responsabilit\u00e9 \u00c9largie du Producteur)\u00a0?<\/a><li class=\"uagb-toc__list\"><li class=\"uagb-toc__list \"><a href=\"#existe-t-il-une-rep-europ\u00e9enne-unique\" class=\"uagb-toc-link__trigger\">Existe-t-il une \u00ab REP europ\u00e9enne unique \u00bb\u00a0?<\/a><\/li><\/ul><\/li><li class=\"uagb-toc__list uagb-toc__list--expandable\"><span class=\"list-open\" role=\"button\" tabindex=\"0\" aria-expanded=\"true\"><\/span><a href=\"#ce-qui-me-concerne-en-tant-que-c\u00e9ramiste\" class=\"uagb-toc-link__trigger\">Ce qui me concerne en tant que c\u00e9ramiste<\/a><ul class=\"uagb-toc__list\"><li class=\"uagb-toc__list \"><a href=\"#quels-emballages-de-mon-atelier-sont-vis\u00e9s-par-le-ppwr\" class=\"uagb-toc-link__trigger\">Quels emballages de mon atelier sont vis\u00e9s par le PPWR ?<\/a><li class=\"uagb-toc__list\"><li class=\"uagb-toc__list \"><a href=\"#r\u00e9sum\u00e9-des-diff\u00e9rents-r\u00f4les-du-ppwr-et-de-leurs-obligations\" class=\"uagb-toc-link__trigger\">R\u00e9sum\u00e9 des diff\u00e9rents r\u00f4les du PPWR et de leurs obligations<\/a><li class=\"uagb-toc__list\"><li class=\"uagb-toc__list \"><a href=\"#le-cas-particulier-des-micro-entreprises\" class=\"uagb-toc-link__trigger\">Le cas particulier des micro-entreprises<\/a><li class=\"uagb-toc__list\"><li class=\"uagb-toc__list \"><a href=\"#je-vends-\u00e0-l\u00e9tranger-quelles-obligations-ppwr-rep-selon-le-pays\" class=\"uagb-toc-link__trigger\">Je vends \u00e0 l\u2019\u00e9tranger : quelles obligations PPWR &amp; REP selon le pays ?<\/a><li class=\"uagb-toc__list\"><li class=\"uagb-toc__list \"><a href=\"#le-cas-des-plateformes-de-vente-en-ligne-marketplaces\" class=\"uagb-toc-link__trigger\">Le cas des plateformes de vente en ligne\/ marketplaces<\/a><\/li><\/ul><\/li><\/ul><\/li><li class=\"uagb-toc__list uagb-toc__list--expandable\"><span class=\"list-open\" role=\"button\" tabindex=\"0\" aria-expanded=\"true\"><\/span><a href=\"#passer-\u00e0-laction\" class=\"uagb-toc-link__trigger\">Passer \u00e0 l&#039;action<\/a><ul class=\"uagb-toc__list\"><li class=\"uagb-toc__list \"><a href=\"#7-\u00e9tapes-pour-te-mettre-en-conformit\u00e9-avec-le-ppwr-la-rep\" class=\"uagb-toc-link__trigger\">7 \u00e9tapes pour te mettre en conformit\u00e9 avec le PPWR &amp; la REP<\/a><li class=\"uagb-toc__list\"><li class=\"uagb-toc__list \"><a href=\"#rappel-des-dates-cl\u00e9s\" class=\"uagb-toc-link__trigger\">Rappel des dates cl\u00e9s<\/a><li class=\"uagb-toc__list\"><li class=\"uagb-toc__list \"><a href=\"#quels-sont-les-co\u00fbts-\u00e0-pr\u00e9voir\" class=\"uagb-toc-link__trigger\">Quels sont les co\u00fbts \u00e0 pr\u00e9voir\u00a0?<\/a><li class=\"uagb-toc__list\"><li class=\"uagb-toc__list \"><a href=\"#quels-sont-les-risques-en-cas-de-non-conformit\u00e9\" class=\"uagb-toc-link__trigger\">Quels sont les risques en cas de non-conformit\u00e9 ?<\/a><\/li><\/ul><\/li><\/ul><\/li><\/ul><\/li><li class=\"uagb-toc__list uagb-toc__list--expandable\"><span class=\"list-open\" role=\"button\" tabindex=\"0\" aria-expanded=\"true\"><\/span><a href=\"#questions-pratiques-faq\" class=\"uagb-toc-link__trigger\">Questions pratiques (FAQ)<\/a><ul class=\"uagb-toc__list\"><li class=\"uagb-toc__list \"><a href=\"#c\u00e9tait-quoi-la-r\u00e9glementation-avant-le-ppwr\" class=\"uagb-toc-link__trigger\">C&#039;\u00e9tait quoi la r\u00e9glementation avant le PPWR\u00a0?+<\/a><li class=\"uagb-toc__list\"><li class=\"uagb-toc__list \"><a href=\"#cest-quoi-un-emballage-conforme-au-ppwr\" class=\"uagb-toc-link__trigger\">C\u2019est quoi un emballage conforme au PPWR ?+<\/a><li class=\"uagb-toc__list\"><li class=\"uagb-toc__list \"><a href=\"#qui-contacter-pour-d\u00e9terminer-monmes-r\u00f4les-dans-le-ppwr\" class=\"uagb-toc-link__trigger\">Qui contacter pour d\u00e9terminer mon\/mes r\u00f4le(s) dans le PPWR\u00a0?+<\/a><li class=\"uagb-toc__list\"><li class=\"uagb-toc__list \"><a href=\"#dans-quels-cas-suis-je-producteur-rep\" class=\"uagb-toc-link__trigger\">Dans quels cas suis-je \u00ab producteur \u00bb REP\u00a0?+<\/a><li class=\"uagb-toc__list\"><li class=\"uagb-toc__list \"><a href=\"#le-seuil-des-10-tonnes-quest-ce-que-\u00e7a-change-pour-mon-atelier\" class=\"uagb-toc-link__trigger\">Le seuil des 10 tonnes, qu\u2019est-ce que \u00e7a change pour mon atelier\u00a0?+<\/a><li class=\"uagb-toc__list\"><li class=\"uagb-toc__list \"><a href=\"#si-je-r\u00e9cup\u00e8re-des-emballages-cartons-papier-bulle-calages-est-ce-que-je-peux-les-r\u00e9utiliser\" class=\"uagb-toc-link__trigger\">Si je r\u00e9cup\u00e8re des emballages (cartons, papier bulle, calages\u2026) est-ce que je peux les r\u00e9utiliser ?+<\/a><li class=\"uagb-toc__list\"><li class=\"uagb-toc__list \"><a href=\"#\u00e9tiquette-harmonis\u00e9e-europ\u00e9enne-que-sait-on-aujourdhui\" class=\"uagb-toc-link__trigger\">\u00c9tiquette harmonis\u00e9e europ\u00e9enne : que sait-on aujourd\u2019hui ?+<\/a><li class=\"uagb-toc__list\"><li class=\"uagb-toc__list \"><a href=\"#mon-carton-dexp\u00e9dition-peut-il-\u00eatre-trop-grand-le-ratio-despace-vide\" class=\"uagb-toc-link__trigger\">Mon carton d&#039;exp\u00e9dition peut-il \u00eatre trop grand (le ratio d&#039;espace vide) ?+<\/a><li class=\"uagb-toc__list\"><li class=\"uagb-toc__list \"><a href=\"#jai-d\u00e9j\u00e0-fait-mes-d\u00e9marches-rep-dans-un-pays-\u00e9tranger-dois-je-tout-refaire-pour-chaque-nouveau-client-dans-ce-m\u00eame-pays\" class=\"uagb-toc-link__trigger\">J\u2019ai d\u00e9j\u00e0 fait mes d\u00e9marches REP dans un pays \u00e9tranger : dois-je tout refaire pour chaque nouveau client dans ce m\u00eame pays\u00a0?+<\/a><li class=\"uagb-toc__list\"><li class=\"uagb-toc__list \"><a href=\"#comment-faire-la-distinction-entre-un-emballage-de-vente-et-un-emballage-de-transport\" class=\"uagb-toc-link__trigger\">Comment faire la distinction entre un emballage de vente et un emballage de transport\u00a0?+<\/a><li class=\"uagb-toc__list\"><li class=\"uagb-toc__list \"><a href=\"#emballage-m\u00e9nager-ou-emballage-professionnel-de-quelle-fili\u00e8re-rep-je-d\u00e9pends\" class=\"uagb-toc-link__trigger\">Emballage m\u00e9nager ou emballage professionnel : de quelle fili\u00e8re REP je d\u00e9pends\u00a0?+<\/a><li class=\"uagb-toc__list\"><li class=\"uagb-toc__list \"><a href=\"#si-je-vends-en-physique-boutique-march\u00e9-salon-est-ce-que-je-dois-d\u00e9clarer-la-rep-en-france\" class=\"uagb-toc-link__trigger\">Si je vends en physique (boutique, march\u00e9, salon) est-ce que je dois d\u00e9clarer la REP en France\u00a0?+<\/a><li class=\"uagb-toc__list\"><li class=\"uagb-toc__list \"><a href=\"#d\u00e9claration-de-la-rep-en-france-qui-est-concern\u00e9-quand-et-quoi-d\u00e9clarer\" class=\"uagb-toc-link__trigger\">D\u00e9claration de la REP en France : qui est concern\u00e9, quand et quoi d\u00e9clarer\u00a0?+<\/a><li class=\"uagb-toc__list\"><li class=\"uagb-toc__list \"><a href=\"#qui-sont-les-interlocuteurs-des-fili\u00e8res-rep-en-france\" class=\"uagb-toc-link__trigger\">Qui sont les interlocuteurs des fili\u00e8res REP en France\u00a0?+<\/a><\/ul><\/ul><\/ul><\/ul><\/ol>\t\t\t\t\t<\/div>\n\t\t\t\t\t\t\t\t\t<\/div>\n\t\t\t\t<\/div>\n\t\t\t\n\n\n<h2 class=\"wp-block-heading\" style=\"margin-top:25px\">L&rsquo;essentiel \u00e0 savoir sur le PPWR et l&rsquo;EPR<\/h2>\n\n\n\n<div class=\"wp-block-uagb-advanced-heading uagb-block-dd73cd21\"><h3 class=\"uagb-heading-text\">Qu\u2019est-ce que le PPWR, le nouveau r\u00e8glement europ\u00e9en sur les emballages&nbsp;?<\/h3><\/div>\n\n\n\n<p>Le PPWR (Packaging and Packaging Waste Regulation, ou REDE &#8211; R\u00e8glement sur les Emballages et D\u00e9chets d\u2019Emballages en fran\u00e7ais) est un <strong>nouveau r\u00e8glement europ\u00e9en relatif aux emballages et aux d\u00e9chets d\u2019emballages,<\/strong> qui devient applicable <strong>\u00e0 partir du 12 ao\u00fbt 2026<\/strong>.<\/p>\n\n\n\n<p>Il concerne <strong>tous les emballages<\/strong> mis en service <strong>sur le march\u00e9 de l\u2019UE<\/strong>, quels que soient leurs mat\u00e9riaux (carton, papier, plastique, verre, bois, m\u00e9tal, textile&#8230;).<\/p>\n\n\n\n<div class=\"wp-block-media-text is-stacked-on-mobile\" style=\"grid-template-columns:36% auto\"><figure class=\"wp-block-media-text__media\"><img fetchpriority=\"high\" decoding=\"async\" width=\"420\" height=\"330\" src=\"https:\/\/le-bol.fr\/blog\/wp-content\/uploads\/2026\/08\/cartons-europe.png\" alt=\"3 petits cartons orn\u00e9s d'un logo de caddie sont pos\u00e9s en forme de pyramide sur le drapeau europ\u00e9en, pour illustrer le nouveau r\u00e8glement europ\u00e9en sur les emballages.\" class=\"wp-image-16690 size-full\" srcset=\"https:\/\/le-bol.fr\/blog\/wp-content\/uploads\/2026\/08\/cartons-europe.png 420w, https:\/\/le-bol.fr\/blog\/wp-content\/uploads\/2026\/08\/cartons-europe-300x236.png 300w\" sizes=\"(max-width: 420px) 100vw, 420px\" \/><\/figure><div class=\"wp-block-media-text__content\">\n<p>Le nouveau r\u00e8glement europ\u00e9en <strong>fixe des exigences<\/strong> concernant :<\/p>\n\n\n\n<ul class=\"wp-block-list\">\n<li>la responsabilit\u00e9 financi\u00e8re en fin de vie de l\u2019emballage.<\/li>\n\n\n\n<li>la conception,&nbsp;<\/li>\n\n\n\n<li>la recyclabilit\u00e9,&nbsp;<\/li>\n\n\n\n<li>la r\u00e9duction des emballages,<\/li>\n\n\n\n<li>la r\u00e9utilisation,<\/li>\n\n\n\n<li>la composition des mat\u00e9riaux,&nbsp;<\/li>\n\n\n\n<li>l\u2019information,<\/li>\n\n\n\n<li>l\u2019EPR ou REP (Responsabilit\u00e9 \u00c9largie du Producteur)<\/li>\n<\/ul>\n<\/div><\/div>\n\n\n\n<div class=\"wp-block-group has-white-background-color has-background is-layout-constrained wp-container-core-group-is-layout-dccdf3d4 wp-block-group-is-layout-constrained\" style=\"border-width:1px;margin-top:20px;margin-bottom:20px;padding-top:20px;padding-right:20px;padding-bottom:20px;padding-left:20px\">\n<p class=\"has-text-align-center\">Pour en savoir plus, tu peux aller consulter <strong>les textes officiels<\/strong> :&nbsp;<br><a href=\"https:\/\/eur-lex.europa.eu\/eli\/reg\/2025\/40\/oj?locale=fr\" target=\"_blank\" rel=\"noreferrer noopener\">Texte officiel du r\u00e8glement PPWR \u2014 EUR-Lex<\/a><br><a href=\"https:\/\/op.europa.eu\/fr\/publication-detail\/-\/publication\/35277381-29a0-11f1-8803-01aa75ed71a1\/language-en\" target=\"_blank\" rel=\"noreferrer noopener\">FAQ officielle PPWR \u2014 Office des publications de l\u2019UE<\/a><\/p>\n\n\n\n<p><strong>Point important<\/strong> : Attention, la FAQ officielle PPWR sert \u00e0 expliquer l\u2019application du r\u00e8glement, mais elle ne le remplace pas. Certaines modalit\u00e9s techniques doivent encore \u00eatre pr\u00e9cis\u00e9es par la Commission. Seul le texte officiel du r\u00e8glement fait foi et est juridiquement contraignant.<\/p>\n<\/div>\n\n\n\n<div class=\"wp-block-uagb-advanced-heading uagb-block-91a49fcc\"><h3 class=\"uagb-heading-text\">Quels sont les objectifs du PPWR&nbsp;?<\/h3><\/div>\n\n\n\n<p>Le PPWR remplace la directive emballage de 1994, r\u00e9vis\u00e9e en 2018, qui \u00e9tait devenue obsol\u00e8te. Son but est d\u2019<strong>harmoniser les r\u00e8gles entre tous les \u00c9tats membres de l\u2019UE<\/strong>.<\/p>\n\n\n\n<p style=\"margin-bottom:5px\">Son objectif est de <strong>r\u00e9duire l\u2019impact environnemental des emballages sur l\u2019ensemble de leur cycle de vie<\/strong>, notamment en :<\/p>\n\n\n\n<ul class=\"wp-block-list\">\n<li>am\u00e9liorant leur recyclabilit\u00e9 ; <\/li>\n\n\n\n<li>r\u00e9duisant les d\u00e9chets d\u2019emballages ; <\/li>\n\n\n\n<li>augmentant l\u2019utilisation et le recyclage des mati\u00e8res recycl\u00e9es ; <\/li>\n\n\n\n<li>favorisant le r\u00e9emploi.<\/li>\n<\/ul>\n\n\n\n<div class=\"wp-block-uagb-advanced-heading uagb-block-64440919\"><h3 class=\"uagb-heading-text\">Qu\u2019est-ce que l\u2019EPR ou REP (Responsabilit\u00e9 \u00c9largie du Producteur)&nbsp;?<\/h3><\/div>\n\n\n\n<p style=\"margin-bottom:20px\">La deuxi\u00e8me notion \u00e0 retenir c\u2019est <strong>l\u2019EPR<\/strong> &#8211; <strong>Extended Producer Responsibility ou Responsabilit\u00e9 \u00c9largie du Producteur (REP)<\/strong> en fran\u00e7ais. <br><br>Elle repose sur le principe du <strong>\u00ab pollueur-payeur \u00bb<\/strong>, c\u2019est-\u00e0-dire que <strong>le \u00ab producteur \u00bb finance la gestion de ses d\u00e9chets d&#8217;emballages<\/strong>.<\/p>\n\n\n\n<div class=\"wp-block-media-text has-media-on-the-right is-stacked-on-mobile\" style=\"grid-template-columns:auto 35%\"><div class=\"wp-block-media-text__content\">\n<p>Dans le cadre du PPWR, le r\u00e8glement dit que <strong>le \u00ab<\/strong>&nbsp;<strong>producteur<\/strong>&nbsp;<strong>\u00bb est responsable des emballages<\/strong> qu\u2019il met <strong>pour la 1\u00e8re fois en circulation sur le territoire europ\u00e9en<\/strong>. Il doit contribuer financi\u00e8rement \u00e0 <strong>la gestion de cet emballage<\/strong> <em>(gestion qui peut diff\u00e9rer selon le pays)<\/em> <strong>lors de sa fin de vie,<\/strong> <strong>lorsqu\u2019il deviendra un d\u00e9chet<\/strong> : collecte, tri, traitement, recyclage, information\u2026 (<a href=\"https:\/\/eur-lex.europa.eu\/legal-content\/EN\/TXT\/?uri=PI_COM%3AC%282026%292151\" target=\"_blank\" rel=\"noreferrer noopener\">EUR-Lex<\/a>)<\/p>\n<\/div><figure class=\"wp-block-media-text__media\"><img decoding=\"async\" width=\"1024\" height=\"683\" src=\"https:\/\/le-bol.fr\/blog\/wp-content\/uploads\/2026\/08\/3R_reduire-reemployer-recycler-1024x683.jpeg\" alt=\"Logo vert du recyclage avec les mots R\u00e9duire, R\u00e9employer, Recycler, sur un fond de papier d'emballage froiss\u00e9.\" class=\"wp-image-16693 size-full\" srcset=\"https:\/\/le-bol.fr\/blog\/wp-content\/uploads\/2026\/08\/3R_reduire-reemployer-recycler-1024x683.jpeg 1024w, https:\/\/le-bol.fr\/blog\/wp-content\/uploads\/2026\/08\/3R_reduire-reemployer-recycler-300x200.jpeg 300w, https:\/\/le-bol.fr\/blog\/wp-content\/uploads\/2026\/08\/3R_reduire-reemployer-recycler-768x512.jpeg 768w, https:\/\/le-bol.fr\/blog\/wp-content\/uploads\/2026\/08\/3R_reduire-reemployer-recycler-1536x1024.jpeg 1536w, https:\/\/le-bol.fr\/blog\/wp-content\/uploads\/2026\/08\/3R_reduire-reemployer-recycler.jpeg 1920w\" sizes=\"(max-width: 1024px) 100vw, 1024px\" \/><\/figure><\/div>\n\n\n\n<div class=\"wp-block-group is-layout-constrained wp-container-core-group-is-layout-d8f5245e wp-block-group-is-layout-constrained\" style=\"border-width:1px;margin-top:20px;margin-bottom:20px;padding-top:0px;padding-right:10px;padding-bottom:10px;padding-left:10px\">\n<h4 class=\"wp-block-heading has-text-align-center has-medium-font-size\" style=\"margin-top:20px;margin-bottom:15px\">En r\u00e9sum\u00e9<\/h4>\n\n\n\n<ul class=\"wp-block-list\">\n<li><strong>PPWR = les r\u00e8gles europ\u00e9ennes pour les emballages<\/strong> mis sur le march\u00e9 de l&rsquo;UE ;<\/li>\n\n\n\n<li><strong>REP = la responsabilit\u00e9 qui se d\u00e9clenche<\/strong> dans le(s) \u00c9tat(s) o\u00f9 l&#8217;emballage est mis \u00e0 disposition, <strong>selon les r\u00e8gles du PPWR<\/strong>.<\/li>\n<\/ul>\n<\/div>\n\n\n\n<div class=\"wp-block-uagb-advanced-heading uagb-block-e50610f5\" id=\"regles-rep\"><h3 class=\"uagb-heading-text\">Existe-t-il une \u00ab REP europ\u00e9enne unique \u00bb&nbsp;?<\/h3><\/div>\n\n\n\n<p>Malheureusement non.<\/p>\n\n\n\n<p>Le PPWR <strong>harmonise le cadre europ\u00e9en<\/strong>, mais <strong>les d\u00e9marches <strong>REP<\/strong><\/strong> <strong>restent organis\u00e9es pays par pays<\/strong> : registre, organisme REP, d\u00e9claration, contribution\u2026<\/p>\n\n\n\n<p>Par exemple, si tu es \u00ab producteur \u00bb REP en Allemagne, en Belgique et en Espagne, tu devras respecter <strong>les r\u00e8gles <strong>REP<\/strong> de chacun de ces pays<\/strong>.<br>Une REP enregistr\u00e9e en France <strong>ne te couvre donc pas automatiquement<\/strong> dans les autres \u00c9tats membres.<\/p>\n\n\n\n<p class=\"has-text-align-center\">&#8212;-<\/p>\n\n\n\n<p>Selon <a href=\"https:\/\/eur-lex.europa.eu\/legal-content\/FR\/TXT\/?uri=CELEX:32025R0040#:~:text=Article%C2%A044,-Registre\" target=\"_blank\" rel=\"noreferrer noopener\">l&rsquo;article 44<\/a>, chaque \u00c9tat membre doit disposer d\u2019un <strong>registre des producteurs<\/strong>. Si tu es consid\u00e9r\u00e9\u00b7e comme \u00ab producteur \u00bb REP dans plusieurs \u00c9tats membres, tu devras donc <strong>effectuer les d\u00e9marches REP n\u00e9cessaires dans chacun des pays concern\u00e9s<\/strong>.<\/p>\n\n\n\n<div id=\"mandataire-rep\" class=\"wp-block-group has-background is-layout-constrained wp-block-group-is-layout-constrained\" style=\"border-width:1px;background-color:#feefd8;margin-top:20px;margin-bottom:20px;padding-top:20px;padding-bottom:20px\">\n<p class=\"has-text-align-center has-medium-font-size\"><strong>Mandataire REP &#8211; \u00e0 surveiller<\/strong><\/p>\n\n\n\n<p class=\"has-background\" style=\"border-style:none;border-width:0px;background-color:#feefd8\">Le PPWR pr\u00e9voit actuellement la <strong>d\u00e9signation d\u2019un mandataire REP<\/strong> dans certaines ventes directes \u00e0 des utilisateurs finaux situ\u00e9s dans un autre \u00c9tat membre. <br><strong>La Commission a toutefois propos\u00e9 de suspendre cette obligation jusqu\u2019au 1er janvier 2035 pour les producteurs situ\u00e9s dans l\u2019UE. Cette modification doit encore \u00eatre d\u00e9finitivement adopt\u00e9e.<\/strong><br><br>\u26a0\ufe0f <strong>Attention ! une \u00e9ventuelle suspension du mandataire ne suspend pas les obligations REP <strong>dans le pays de destination<\/strong>.<\/strong><\/p>\n<\/div>\n\n\n\n<div class=\"wp-block-uagb-advanced-heading uagb-block-ab4eb751\"><h2 class=\"uagb-heading-text\">Ce qui me concerne en tant que c\u00e9ramiste<\/h2><\/div>\n\n\n\n<div class=\"wp-block-uagb-advanced-heading uagb-block-72955154\"><h3 class=\"uagb-heading-text\">Quels emballages de mon atelier sont vis\u00e9s par le PPWR ?<\/h3><\/div>\n\n\n\n<p style=\"margin-bottom:10px\">Dans le cas d\u2019un atelier c\u00e9ramique qui emballe et exp\u00e9die des pi\u00e8ces en France ou \u00e0 l\u2019\u00e9tranger, le nouveau r\u00e8glement pourra par exemple concerner les emballages suivants, <strong>quel que soit leur mat\u00e9riau<\/strong> :<\/p>\n\n\n\n<ul class=\"wp-block-list\">\n<li>les bo\u00eetes, pochettes, coffrets et cartons contenant les c\u00e9ramiques ; <\/li>\n\n\n\n<li>les cartons d\u2019exp\u00e9dition, notamment ceux utilis\u00e9s pour les ventes en ligne ; <\/li>\n\n\n\n<li>les \u00e9l\u00e9ments de protection et de calage : papier de soie, papier froiss\u00e9, kraft alv\u00e9ol\u00e9, carton ondul\u00e9, papier bulle, cloisons en carton, etc. ; <\/li>\n\n\n\n<li>le ruban adh\u00e9sif et les autres \u00e9l\u00e9ments servant \u00e0 fermer ou prot\u00e9ger l\u2019emballage ; <\/li>\n\n\n\n<li>certains emballages remis au client lors d\u2019une vente physique ; <\/li>\n\n\n\n<li>plus largement, les diff\u00e9rents \u00e9l\u00e9ments qui remplissent une fonction de contenant, de protection, de manutention, de livraison ou de pr\u00e9sentation.<\/li>\n<\/ul>\n\n\n\n<p style=\"margin-top:30px\">On verra <a href=\"#ppwr-acteurs-obligations\" type=\"internal\" id=\"#ppwr-acteurs-obligations\">dans ce tableau r\u00e9capitulatif<\/a> qu\u2019en fonction des r\u00f4les qui nous seront attribu\u00e9s dans le cadre du PPWR, nos obligations seront diff\u00e9rentes.<\/p>\n\n\n\n<figure class=\"wp-block-image aligncenter size-full is-resized\"><img decoding=\"async\" width=\"1000\" height=\"667\" src=\"https:\/\/le-bol.fr\/blog\/wp-content\/uploads\/2026\/08\/pexels-karola-g-4464482-1.jpg\" alt=\"Deux mains ajustant un papier de protection dans un carton d'emballage.\" class=\"wp-image-16664\" style=\"width:500px\" srcset=\"https:\/\/le-bol.fr\/blog\/wp-content\/uploads\/2026\/08\/pexels-karola-g-4464482-1.jpg 1000w, https:\/\/le-bol.fr\/blog\/wp-content\/uploads\/2026\/08\/pexels-karola-g-4464482-1-300x200.jpg 300w, https:\/\/le-bol.fr\/blog\/wp-content\/uploads\/2026\/08\/pexels-karola-g-4464482-1-768x512.jpg 768w\" sizes=\"(max-width: 1000px) 100vw, 1000px\" \/><\/figure>\n\n\n\n<h4 class=\"wp-block-heading has-medium-font-size\" id=\"ppwr-protection-contre-casse\" style=\"margin-top:20px\">La protection contre la casse, un crit\u00e8re l\u00e9gitime<\/h4>\n\n\n\n<p>C&rsquo;est <strong>une bonne nouvelle pour les c\u00e9ramistes<\/strong> : le PPWR pr\u00e9voit de <strong>r\u00e9duire le poids et le volume des emballages au minimum n\u00e9cessaire<\/strong>, mais il tient compte de <strong>la n\u00e9cessit\u00e9 de prot\u00e9ger les produits fragiles<\/strong>.<\/p>\n\n\n\n<p><strong>\ud83d\udca1 Le principe \u00e0 retenir <\/strong>: utiliser <strong>un emballage aussi l\u00e9ger et compact que possible<\/strong>, tout <strong>en conservant les protections n\u00e9cessaires<\/strong> pour que la c\u00e9ramique arrive intacte.<\/p>\n\n\n\n<p>Donc, si tu as besoin de <strong>papier froiss\u00e9, papier bulle, plusieurs couches de carton, d\u2019une double bo\u00eete ou d\u2019un espace de protection autour de la pi\u00e8ce<\/strong>, tu n\u2019es pas oblig\u00e9\u00b7e de supprimer ces protections simplement pour r\u00e9duire ton colis.<\/p>\n\n\n\n<p>\u00c0 partir de 2030, <strong>certains emballages, notamment les colis utilis\u00e9s pour les ventes en ligne ou \u00e0 distance, seront \u00e9galement soumis \u00e0 une limite de 50 % d\u2019espace vide<\/strong>. (<a href=\"#ppwr-ratio-espace-vide\" type=\"internal\" id=\"#ppwr-ratio-espace-vide\">FAQ &#8211; ratio espace vide<\/a>)<\/p>\n\n\n\n<figure class=\"wp-block-image aligncenter size-full is-resized\"><img loading=\"lazy\" decoding=\"async\" width=\"500\" height=\"573\" src=\"https:\/\/le-bol.fr\/blog\/wp-content\/uploads\/2026\/08\/pexels-rdne-7464716.jpg\" alt=\"Carton avec \u00e9tiquette &quot;FRAGILE&quot;\" class=\"wp-image-16680\" style=\"aspect-ratio:1;object-fit:cover;width:315px\" srcset=\"https:\/\/le-bol.fr\/blog\/wp-content\/uploads\/2026\/08\/pexels-rdne-7464716.jpg 500w, https:\/\/le-bol.fr\/blog\/wp-content\/uploads\/2026\/08\/pexels-rdne-7464716-262x300.jpg 262w\" sizes=\"(max-width: 500px) 100vw, 500px\" \/><\/figure>\n\n\n\n<div class=\"wp-block-uagb-advanced-heading uagb-block-c6adf921\" id=\"ppwr-acteurs-obligations\"><h3 class=\"uagb-heading-text\">R\u00e9sum\u00e9 des diff\u00e9rents r\u00f4les du PPWR et de leurs obligations<\/h3><\/div>\n\n\n\n<figure class=\"wp-block-table is-style-regular\" style=\"font-size:16px\"><table><thead><tr><th><strong>Terme PPWR<\/strong><\/th><th><strong>Traduction en langage simple<\/strong><\/th><th><strong>Exemple pour <\/strong><br><strong>un\u00b7e c\u00e9ramiste fran\u00e7ais<\/strong>\u00b7e<\/th><th><strong>Responsabilit\u00e9 principale<\/strong><\/th><\/tr><\/thead><tbody><tr><td><strong>Fabricant<\/strong> (<em>manufacturer<\/em>)<\/td><td>Celui qui est juridiquement responsable de la <strong>conformit\u00e9 de l\u2019emballage<\/strong><\/td><td>L\u2019atelier qui fait concevoir\/fabriquer un coffret sous sa marque peut \u00eatre fabricant <em>(<a href=\"#cas-particulier-microentreprise\" type=\"internal\" id=\"#cas-particulier-microentreprise\">sauf en micro-entreprise<\/a>)<\/em><\/td><td>Conformit\u00e9 PPWR : durabilit\u00e9, recyclabilit\u00e9, substances, minimisation, \u00e9tiquetage, etc.<\/td><\/tr><tr><td><strong>Producteur<\/strong> (<em>producer<\/em>)<\/td><td>Celui qui est juridiquement responsable de <strong>la REP dans un pays donn\u00e9<\/strong><\/td><td>L&rsquo;atelier qui vend ses c\u00e9ramiques emball\u00e9es en France peut \u00eatre producteur en France<\/td><td>Enregistrer la REP, d\u00e9clarer, contribuer financi\u00e8rement \u00e0 la gestion des d\u00e9chets d&#8217;emballages<\/td><\/tr><tr><td><strong>Fournisseur<\/strong> (<em>supplier<\/em>)<\/td><td>Celui qui fournit l&#8217;emballage ou le mat\u00e9riau d&#8217;emballage au fabricant<\/td><td>Le fournisseur fran\u00e7ais aupr\u00e8s duquel l&rsquo;atelier ach\u00e8te ses bo\u00eetes<\/td><td>Fournir les informations\/ documentations n\u00e9cessaires<\/td><\/tr><tr><td><strong>Importateur<\/strong><\/td><td>Celui qui, situ\u00e9 dans l&rsquo;UE, met sur le march\u00e9 un emballage provenant d&rsquo;un pays tiers<\/td><td>L&rsquo;atelier importe directement de Chine des coffrets pour ses c\u00e9ramiques<\/td><td>Obligations d&rsquo;importateur PPWR ; il peut \u00e9galement devenir \u00ab&nbsp;producteur \u00bb REP selon le cas<\/td><\/tr><tr><td><strong>Distributeur<\/strong><\/td><td>Un acteur de la cha\u00eene qui met l&#8217;emballage \u00e0 disposition sans \u00eatre fabricant ou importateur<\/td><td>Grossiste\/revendeur d&#8217;emballages<\/td><td>Obligations de distributeur ; peut devenir \u00ab producteur \u00bb REP dans certaines situations<\/td><\/tr><tr><td><strong>Mandataire <strong>REP<\/strong><\/strong><\/td><td>Un repr\u00e9sentant local, \u00e9tabli dans un autre \u00c9tat membre, qui assume certaines d\u00e9marches <strong>REP<\/strong> pour le producteur<\/td><td>Un repr\u00e9sentant allemand si l&rsquo;atelier fran\u00e7ais vend directement aux utilisateurs finaux allemands<\/td><td>Accomplir les obligations REP pr\u00e9vues dans cet \u00c9tat pour le producteur<\/td><\/tr><\/tbody><\/table><\/figure>\n\n\n\n<figure class=\"wp-block-image aligncenter size-full uag-hide-desktop\"><img loading=\"lazy\" decoding=\"async\" width=\"500\" height=\"528\" src=\"https:\/\/le-bol.fr\/blog\/wp-content\/uploads\/2026\/08\/roles_PPWR_mobile.jpg\" alt=\"Distinction \u00e0 retenir :\n- Le \u00ab fabricant \u00bb assure la conformit\u00e9 de l\u2019emballage aux exigences de durabilit\u00e9 et d\u2019\u00e9tiquetage ; \n- Le \u00ab producteur \u00bb finance la gestion des d\u00e9chets dans l\u2019\u00c9tat membre o\u00f9 l\u2019emballage est cens\u00e9 devenir un d\u00e9chet.\" class=\"wp-image-16673\" srcset=\"https:\/\/le-bol.fr\/blog\/wp-content\/uploads\/2026\/08\/roles_PPWR_mobile.jpg 500w, https:\/\/le-bol.fr\/blog\/wp-content\/uploads\/2026\/08\/roles_PPWR_mobile-284x300.jpg 284w\" sizes=\"(max-width: 500px) 100vw, 500px\" \/><\/figure>\n\n\n\n<figure class=\"wp-block-image aligncenter size-large uag-hide-tab uag-hide-mob\"><img loading=\"lazy\" decoding=\"async\" width=\"1024\" height=\"568\" src=\"https:\/\/le-bol.fr\/blog\/wp-content\/uploads\/2026\/08\/role_PPWR_desktop-1024x568.jpg\" alt=\"Distinction \u00e0 retenir :\n- Le \u00ab fabricant \u00bb assure la conformit\u00e9 de l\u2019emballage aux exigences de durabilit\u00e9 et d\u2019\u00e9tiquetage ; \n- Le \u00ab producteur \u00bb finance la gestion des d\u00e9chets dans l\u2019\u00c9tat membre o\u00f9 l\u2019emballage est cens\u00e9 devenir un d\u00e9chet.\" class=\"wp-image-16672\" srcset=\"https:\/\/le-bol.fr\/blog\/wp-content\/uploads\/2026\/08\/role_PPWR_desktop-1024x568.jpg 1024w, https:\/\/le-bol.fr\/blog\/wp-content\/uploads\/2026\/08\/role_PPWR_desktop-300x166.jpg 300w, https:\/\/le-bol.fr\/blog\/wp-content\/uploads\/2026\/08\/role_PPWR_desktop-768x426.jpg 768w, https:\/\/le-bol.fr\/blog\/wp-content\/uploads\/2026\/08\/role_PPWR_desktop.jpg 1044w\" sizes=\"(max-width: 1024px) 100vw, 1024px\" \/><\/figure>\n\n\n\n<div class=\"wp-block-uagb-advanced-heading uagb-block-c3fae61d\" id=\"cas-particulier-microentreprise\"><h3 class=\"uagb-heading-text\">Le cas particulier des micro-entreprises<\/h3><\/div>\n\n\n\n<p>Le PPWR pr\u00e9voit <strong>un cas particulier <\/strong>qui pourrait \u00eatre <strong>favorable aux artisan\u00b7e\u00b7s c\u00e9ramistes<\/strong>. <\/p>\n\n\n\n<p>Comme vu dans le tableau ci-dessus, si tu fais fabriquer un emballage personnalis\u00e9 <strong>au nom de ton atelier<\/strong>, tu peux normalement \u00eatre consid\u00e9r\u00e9\u00b7e comme son \u00ab fabricant \u00bb au sens du PPWR, avec les obligations de conformit\u00e9 qui en d\u00e9coulent.<\/p>\n\n\n\n<p style=\"border-width:1px;padding-top:20px;padding-right:20px;padding-bottom:20px;padding-left:20px\"><strong>Le PPWR pr\u00e9voit toutefois une exception pour les micro-entreprises dans certaines situations<\/strong>, notamment lorsque l\u2019emballage personnalis\u00e9 est fourni par une entreprise situ\u00e9e dans le m\u00eame \u00c9tat membre : le fournisseur peut alors rester consid\u00e9r\u00e9 comme le \u00ab&nbsp;fabricant&nbsp;\u00bb.<br><br>En pratique, si tu es micro-entrepreneur\u00b7e et fais fabriquer des emballages \u00e0 ta marque, <strong>demande \u00e0 ton fournisseur de confirmer<\/strong> par \u00e9crit <strong>qui assume les obligations de conformit\u00e9 PPWR<\/strong>.<\/p>\n\n\n\n<p class=\"has-text-align-center\"><strong>Attention ! Cela ne te dispense pas de tes \u00e9ventuelles obligations REP.<\/strong><\/p>\n\n\n\n<p><strong>\ud83d\udca1 Pour information : la d\u00e9finition europ\u00e9enne d&rsquo;une microentreprise<\/strong> est : moins de 10 salari\u00e9s et \u2264&nbsp;2M\u20ac de chiffre d&rsquo;affaires annuel ou de total de bilan.<\/p>\n\n\n\n<p class=\"has-text-align-center\">&#8212;-<\/p>\n\n\n\n<div class=\"wp-block-uagb-advanced-heading uagb-block-4a2c21e3\"><h3 class=\"uagb-heading-text\">Je vends \u00e0 l\u2019\u00e9tranger : quelles obligations PPWR &amp; REP selon le pays ?<\/h3><\/div>\n\n\n\n<p><strong>Si tu vends et exportes tes pi\u00e8ces \u00e0 l\u2019international<\/strong>, c\u2019est probablement <strong>la distinction la plus importante \u00e0 retenir<\/strong>.<\/p>\n\n\n\n<h4 class=\"wp-block-heading\" style=\"margin-top:20px;font-size:22px\"><img decoding=\"async\" class=\"flag-country\" src=\"https:\/\/le-bol.fr\/blog\/wp-content\/uploads\/2026\/09\/Flag_of_Europe.png\" alt=\"Drapeau Europe\"> Tu vends depuis la France vers un autre pays de l&rsquo;UE<\/h4>\n\n\n\n<p>Tu es c\u00e9ramiste en France et tu envoies ta pi\u00e8ce emball\u00e9e \u00e0 un client dans un autre pays de l&rsquo;UE. <\/p>\n\n\n\n<p><strong>Selon la personne \u00e0 qui tu vends, tu peux \u00eatre consid\u00e9r\u00e9\u00b7e ou non comme \u00ab producteur \u00bb <strong>REP<\/strong> dans le pays de destination<\/strong>, m\u00eame si ton atelier est en France et que la vente s\u2019est faite \u00e0 distance.<\/p>\n\n\n\n<h5 class=\"wp-block-heading has-medium-font-size\" style=\"margin-top:20px\">\u2192 <strong>Tu vends directement \u00e0 un utilisateur final<\/strong><\/h5>\n\n\n\n<p>\u00ab Utilisateur final \u00bb ne veut pas forc\u00e9ment dire \u00ab particulier \u00bb. Un restaurant, un h\u00f4tel ou une entreprise peut \u00eatre l\u2019utilisateur final de tes c\u00e9ramiques, s&rsquo;il les ach\u00e8te pour les utiliser lui-m\u00eame, et non pour les revendre.<\/p>\n\n\n\n<p>Par exemple : un particulier en Allemagne, un restaurant en Belgique qui utilise ta vaisselle, un h\u00f4tel aux Pays-Bas qui utilise tes tasses. <br>Dans ce cas, <strong>tu es \u00ab&nbsp;producteur&nbsp;\u00bb <strong>REP<\/strong> dans le pays de destination.<\/strong><\/p>\n\n\n\n<p>Tu dois donc <strong>respecter les r\u00e8gles REP de ce pays<\/strong>. Selon son syst\u00e8me, cela peut impliquer :<\/p>\n\n\n\n<ul style=\"margin-bottom:30px\" class=\"wp-block-list\">\n<li>un enregistrement ;<\/li>\n\n\n\n<li>une adh\u00e9sion \u00e0 un organisme REP ;<\/li>\n\n\n\n<li>le suivi et la d\u00e9claration des emballages concern\u00e9s ;<\/li>\n\n\n\n<li>le paiement d\u2019une contribution REP.<\/li>\n<\/ul>\n\n\n\n<p style=\"border-width:1px;margin-bottom:25px;padding-top:10px;padding-right:10px;padding-bottom:10px;padding-left:10px\"><strong>\ud83d\udca1 Pour rappel, <a href=\"#regles-rep\" type=\"internal\" id=\"#regles-rep\">il n\u2019existe pas une REP unique<\/a> valable dans toute l\u2019UE.<\/strong> Si tu es <strong>\u00ab&nbsp;producteur&nbsp;\u00bb <strong>REP<\/strong><\/strong> dans plusieurs \u00c9tats membres, les d\u00e9marches doivent \u00eatre effectu\u00e9es <strong>dans chacun des pays concern\u00e9s<\/strong>.<\/p>\n\n\n\n<h5 class=\"wp-block-heading has-medium-font-size\" style=\"margin-top:20px\"><strong>\u2192<\/strong> <strong>Tu vends \u00e0 une boutique ou \u00e0 un distributeur qui va revendre tes c\u00e9ramiques<\/strong><\/h5>\n\n\n\n<p>Par exemple : tu exp\u00e9dies depuis la France 20 mugs \u00e0 une boutique allemande qui les revend \u00e0 ses clients. Dans ce cas, <strong>tu n\u2019es pas \u00ab&nbsp;producteur&nbsp;\u00bb <strong>REP<\/strong> en Allemagne au titre de cette vente.<\/strong> C\u2019est le revendeur allemand qui devient \u00ab&nbsp;producteur&nbsp;\u00bb lorsqu\u2019il met les produits emball\u00e9s \u00e0 disposition sur le march\u00e9 allemand.<\/p>\n\n\n\n<figure class=\"wp-block-image aligncenter size-full uag-hide-desktop\"><img loading=\"lazy\" decoding=\"async\" width=\"500\" height=\"624\" src=\"https:\/\/le-bol.fr\/blog\/wp-content\/uploads\/2026\/08\/producteur_REP_mobile.jpg\" alt=\"Points \u00e0 retenir :\n- Ton client utilise tes c\u00e9ramiques =&gt; tu g\u00e8res la REP dans son pays.\n- Ton client les revend =&gt; le revendeur local g\u00e8re la REP.\" class=\"wp-image-16675\" srcset=\"https:\/\/le-bol.fr\/blog\/wp-content\/uploads\/2026\/08\/producteur_REP_mobile.jpg 500w, https:\/\/le-bol.fr\/blog\/wp-content\/uploads\/2026\/08\/producteur_REP_mobile-240x300.jpg 240w\" sizes=\"(max-width: 500px) 100vw, 500px\" \/><\/figure>\n\n\n\n<figure class=\"wp-block-image aligncenter size-large uag-hide-tab uag-hide-mob\"><img loading=\"lazy\" decoding=\"async\" width=\"1024\" height=\"282\" src=\"https:\/\/le-bol.fr\/blog\/wp-content\/uploads\/2026\/08\/producteur_REP_desktop-1024x282.jpg\" alt=\"Points \u00e0 retenir :\n- Ton client utilise tes c\u00e9ramiques =&gt; tu g\u00e8res la REP dans son pays.\n- Ton client les revend =&gt; le revendeur local g\u00e8re la REP.\" class=\"wp-image-16674\" srcset=\"https:\/\/le-bol.fr\/blog\/wp-content\/uploads\/2026\/08\/producteur_REP_desktop-1024x282.jpg 1024w, https:\/\/le-bol.fr\/blog\/wp-content\/uploads\/2026\/08\/producteur_REP_desktop-300x83.jpg 300w, https:\/\/le-bol.fr\/blog\/wp-content\/uploads\/2026\/08\/producteur_REP_desktop-768x212.jpg 768w, https:\/\/le-bol.fr\/blog\/wp-content\/uploads\/2026\/08\/producteur_REP_desktop.jpg 1498w\" sizes=\"(max-width: 1024px) 100vw, 1024px\" \/><\/figure>\n\n\n\n<p class=\"has-text-align-center\">&#8212;-<\/p>\n\n\n\n<h4 class=\"wp-block-heading\" style=\"margin-top:20px;font-size:22px\">\ud83c\udf0d Tu vends depuis la France vers un pays tiers \/ hors UE<\/h4>\n\n\n\n<p>Tu es c\u00e9ramiste en France et tu envoies directement ta pi\u00e8ce emball\u00e9e \u00e0 un client dans un pays hors de l\u2019UE (Royaume-Uni, Suisse, Norv\u00e8ge, Canada, \u00c9tats-Unis, Australie, Japon\u2026).<\/p>\n\n\n\n<p><strong>Le PPWR concerne uniquement les emballages mis sur le march\u00e9 de l\u2019Union Europ\u00e9enne<\/strong>. Cela veut dire que <strong>tu ne seras pas soumis au r\u00e9gime du PPWR<\/strong> pour cette vente, mais <strong>tu devras tout de m\u00eame v\u00e9rifier la r\u00e9glementation du pays de destination<\/strong>.&nbsp;<\/p>\n\n\n\n<p>Chaque pays peut imposer sa propre REP ou autres obligations en mati\u00e8re d\u2019emballages sur son territoire. A toi de v\u00e9rifier les r\u00e8gles du pays concern\u00e9.<\/p>\n\n\n\n<div class=\"wp-block-uagb-advanced-heading uagb-block-a7b7141d\"><h3 class=\"uagb-heading-text\">Le cas des plateformes de vente en ligne\/ marketplaces<\/h3><\/div>\n\n\n\n<p>Si tu vends via une marketplace comme Etsy, <strong>la plateforme pourra te demander de prouver que tu respectes tes obligations <strong>REP<\/strong> avant de te permettre de vendre dans un pays de l\u2019UE.<\/strong><\/p>\n\n\n\n<div class=\"wp-block-media-text is-stacked-on-mobile\" style=\"margin-bottom:30px;grid-template-columns:35% auto\"><figure class=\"wp-block-media-text__media\"><img loading=\"lazy\" decoding=\"async\" width=\"1000\" height=\"667\" src=\"https:\/\/le-bol.fr\/blog\/wp-content\/uploads\/2026\/08\/pexels-mikhail-nilov-9304499.jpg\" alt=\"Une personne en tablier bleu tient un ordinateur portable.\" class=\"wp-image-16712 size-full\" srcset=\"https:\/\/le-bol.fr\/blog\/wp-content\/uploads\/2026\/08\/pexels-mikhail-nilov-9304499.jpg 1000w, https:\/\/le-bol.fr\/blog\/wp-content\/uploads\/2026\/08\/pexels-mikhail-nilov-9304499-300x200.jpg 300w, https:\/\/le-bol.fr\/blog\/wp-content\/uploads\/2026\/08\/pexels-mikhail-nilov-9304499-768x512.jpg 768w\" sizes=\"(max-width: 1000px) 100vw, 1000px\" \/><\/figure><div class=\"wp-block-media-text__content\">\n<p>Concr\u00e8tement, <strong>si tu es \u00ab producteur \u00bb REP<\/strong> dans ce pays, elle pourra notamment te demander :<\/p>\n\n\n\n<ul class=\"wp-block-list\">\n<li>une <strong>autocertification confirmant que tu respectes tes obligations <strong><strong>REP<\/strong><\/strong><\/strong>.<\/li>\n\n\n\n<li>ton <strong>num\u00e9ro d\u2019enregistrement <strong><strong>REP<\/strong><\/strong><\/strong> ;<\/li>\n<\/ul>\n<\/div><\/div>\n\n\n\n<p style=\"border-width:1px;margin-top:30px;padding-top:10px;padding-right:10px;padding-bottom:10px;padding-left:10px\"><strong>Vendre via une marketplace ne change pas les r\u00e8gles REP<\/strong> : il faut toujours regarder dans quel pays tu vends et si tu es \u00ab producteur \u00bb REP pour cette vente.<\/p>\n\n\n\n<div class=\"wp-block-uagb-advanced-heading uagb-block-8bbe4473\"><h2 class=\"uagb-heading-text\">Passer \u00e0 l&rsquo;action<\/h2><\/div>\n\n\n\n<div class=\"wp-block-uagb-advanced-heading uagb-block-128f6c24\"><h3 class=\"uagb-heading-text\">7 \u00e9tapes pour te mettre en conformit\u00e9 avec le PPWR &amp; la REP<\/h3><\/div>\n\n\n\n<p>Tout \u00e7a peut sembler compliqu\u00e9 au d\u00e9part. Mais ces nouvelles r\u00e8gles peuvent aussi \u00eatre l\u2019occasion de <strong>simplifier tes emballages et ton organisation<\/strong> : moins de mat\u00e9riaux diff\u00e9rents, des cartons mieux adapt\u00e9s, moins de poids et de volume\u2026<\/p>\n\n\n\n<figure class=\"wp-block-image aligncenter size-full\"><img loading=\"lazy\" decoding=\"async\" width=\"500\" height=\"333\" src=\"https:\/\/le-bol.fr\/blog\/wp-content\/uploads\/2026\/08\/pesee-emballages_compressed.jpg\" alt=\"Les bonnes pratiques pour le nouveau r\u00e8glement europ\u00e9en sur les emballages : un carton d'emballage scotch\u00e9, pos\u00e9 sur une balance affichant 245g, avec \u00e0 gauche, un rouleau de papier de protection et un morceau de papier bulle, et \u00e0 droite, un rouleau adh\u00e9sif. \" class=\"wp-image-16658\" srcset=\"https:\/\/le-bol.fr\/blog\/wp-content\/uploads\/2026\/08\/pesee-emballages_compressed.jpg 500w, https:\/\/le-bol.fr\/blog\/wp-content\/uploads\/2026\/08\/pesee-emballages_compressed-300x200.jpg 300w\" sizes=\"(max-width: 500px) 100vw, 500px\" \/><\/figure>\n\n\n\n<h4 class=\"wp-block-heading has-medium-font-size\" style=\"margin-top:20px\">Les d\u00e9marches \u00e0 r\u00e9aliser <\/h4>\n\n\n\n<p>Voyons maintenant <strong>ce que tu peux faire concr\u00e8tement, \u00e9tape par \u00e9tape.<\/strong><\/p>\n\n\n\n<figure style=\"margin-top:25px;margin-bottom:25px;font-size:16px\" class=\"wp-block-table\"><table><thead><tr><th><strong>\u00c9tape<\/strong>s<\/th><th><strong>Cas de figure<\/strong><\/th><th><strong>Ce que tu fais concr\u00e8tement<\/strong><\/th><th class=\"has-text-align-center\" data-align=\"center\"><strong>Quand ?<\/strong><\/th><th><strong>Co\u00fbt \u00e0 anticiper<\/strong><\/th><\/tr><\/thead><tbody><tr><td><strong>1. Identifie tes emballages<\/strong><\/td><td>Dans tous les cas<\/td><td>Fais une liste : <strong>bo\u00eete produit\/coffret, carton d&rsquo;exp\u00e9dition, papier de protection, calage, papier bulle, adh\u00e9sif&#8230;<\/strong> Note le mat\u00e9riau et s&rsquo;ils sont <strong>achet\u00e9s neufs ou r\u00e9cup\u00e9r\u00e9s<\/strong> (<a href=\"#ppwr-emballages-recuperation\" type=\"internal\" id=\"#ppwr-emballages-recuperation\">FAQ &#8211; emballages r\u00e9cup\u00e9r\u00e9s<\/a>).<\/td><td class=\"has-text-align-center\" data-align=\"center\">D\u00e8s maintenant, puis mets \u00e0 jour si tu changes d&#8217;emballage<\/td><td>Du temps<\/td><\/tr><tr><td><\/td><td><strong>Tu les ach\u00e8tes \u00e0 un fournisseur<\/strong><\/td><td>Garde les r\u00e9f\u00e9rences\/factures et <strong>les informations PPWR fournies<\/strong> (mat\u00e9riau, composition, conformit\u00e9\u2026).<\/td><td class=\"has-text-align-center\" data-align=\"center\">\u00c0 l&rsquo;achat<\/td><td>&#8211;<\/td><\/tr><tr><td><\/td><td><strong>Tu fais personnaliser un emballage \u00e0 ton nom\/marque<\/strong><\/td><td>Si tu es en <strong>micro-entreprise<\/strong>, le PPWR pr\u00e9voit une r\u00e8gle particuli\u00e8re (<a href=\"#cas-particulier-microentreprise\" type=\"internal\" id=\"#cas-particulier-microentreprise\">voir cas particulier<\/a>). <\/td><td class=\"has-text-align-center\" data-align=\"center\">&#8211;<\/td><td>&#8211;<\/td><\/tr><tr><td><\/td><td><strong>Tu r\u00e9cup\u00e8res cartons, papier bulle, calages&#8230;<\/strong><\/td><td><strong>Tu peux les r\u00e9utiliser<\/strong> s&rsquo;ils sont propres, solides et prot\u00e8gent correctement tes pi\u00e8ces. (en savoir plus sur la r\u00e9cup\u00e9ration)<\/td><td class=\"has-text-align-center\" data-align=\"center\">\u00c0 chaque r\u00e9utilisation<\/td><td>\ud83d\udfe2 \u00c9conomie<\/td><\/tr><tr><td><strong>2. D\u00e9termine o\u00f9 tu es producteur REP<\/strong><\/td><td><strong><img decoding=\"async\" class=\"flag-country\" src=\"https:\/\/le-bol.fr\/blog\/wp-content\/uploads\/2026\/09\/Flag_of_France.png\" alt=\"Drapeau France\"> <strong>Tu vends en France<\/strong><\/strong><\/td><td>Tu utilises<strong>: <\/strong><br>&#8211; <strong>bo\u00eete\/coffret de vente pour tes c\u00e9ramiques<\/strong> =&gt; <strong>tu es producteur REP <\/strong>: tu dois adh\u00e9rer, suivre les quantit\u00e9s et d\u00e9clarer.<br>&#8211; <strong>carton servant uniquement \u00e0 l&rsquo;exp\u00e9dition, achet\u00e9 vide en France<\/strong> =&gt; <strong>tu n&rsquo;es pas \u00ab&nbsp;producteur&nbsp;\u00bb REP<\/strong>.<br>(<a href=\"#emballage-vente-vs-transport\" type=\"internal\" id=\"#emballage-vente-vs-transport\">FAQ &#8211; emballage vente VS transport<\/a>)<\/td><td class=\"has-text-align-center\" data-align=\"center\">Avant de faire ta premi\u00e8re d\u00e9claration REP<\/td><td>L&rsquo;\u00e9co-contribution d\u00e9pend des emballages pour lesquels tu es \u00ab&nbsp;producteur&nbsp;\u00bb REP<\/td><\/tr><tr><td><\/td><td><img decoding=\"async\" class=\"flag-country\" src=\"https:\/\/le-bol.fr\/blog\/wp-content\/uploads\/2026\/09\/Flag_of_Europe.png\" alt=\"Drapeau Europe\"> <strong>Tu exp\u00e9dies directement \u00e0 un utilisateur final dans un autre pays de l&rsquo;UE<\/strong><\/td><td><strong>Tu es producteur <strong>REP<\/strong> dans le pays de destination<\/strong>, y compris pour le carton d&rsquo;exp\u00e9dition. Tu fais <strong>les d\u00e9marches <strong>REP<\/strong> demand\u00e9es dans ce pays<\/strong> (registre, d\u00e9claration, contribution\/syst\u00e8me REP) et <strong>tu suis les quantit\u00e9s<\/strong> envoy\u00e9es.<\/td><td class=\"has-text-align-center\" data-align=\"center\">D\u00e8s ta premi\u00e8re vente dans ce pays<\/td><td>Variable selon le pays<\/td><\/tr><tr><td><\/td><td><img decoding=\"async\" class=\"flag-country\" src=\"https:\/\/le-bol.fr\/blog\/wp-content\/uploads\/2026\/09\/Flag_of_Europe.png\" alt=\"Drapeau Europe\"> <strong>Ton client UE est un revendeur<\/strong> (boutique\/distributeur \u00e9tranger qui ach\u00e8te tes pi\u00e8ces pour les revendre)<\/td><td><strong>Tu n&rsquo;es pas producteur <strong>REP<\/strong><\/strong> dans ce pays, car c\u2019est le revendeur local qui met les produits emball\u00e9s \u00e0 disposition sur ce march\u00e9.<\/td><td class=\"has-text-align-center\" data-align=\"center\">&#8211;<\/td><td>Pas de contribution REP dans ce pays pour cette vente<\/td><\/tr><tr><td><\/td><td>\ud83c\udf0d <strong>Tu exp\u00e9dies hors UE<\/strong> (Royaume-Uni, Suisse, USA, Australie, Japon\u2026)<\/td><td>Le PPWR ne s&rsquo;applique pas <strong>dans ces pays.<\/strong> V\u00e9rifie et applique les <strong>r\u00e8gles locales sur les emballages et la <strong>REP<\/strong><\/strong> du pays de destination.<\/td><td class=\"has-text-align-center\" data-align=\"center\">Avant de vendre r\u00e9guli\u00e8rement dans ce pays<\/td><td>Variable selon pays<\/td><\/tr><tr><td><strong>3. Pr\u00e9pare des \u00ab\u00a0emballages types\u00a0\u00bb pour ton suivi REP<\/strong><\/td><td><strong>Seulement pour les emballages dont TU es producteur REP<\/strong> (<a href=\"#producteur-rep\" type=\"internal\" id=\"#producteur-rep\">FAQ &#8211; producteur REP<\/a>)<\/td><td>Regroupe tes envois habituels en <strong>3 ou 4 \u00ab\u00a0emballages types\u00a0\u00bb<\/strong> (ex. petit \/ moyen \/ grand \/ commande pro). <br>Pr\u00e9pare 1 fois chaque emballage complet et <strong>p\u00e8se s\u00e9par\u00e9ment les mat\u00e9riaux<\/strong> : carton, papier, plastique&#8230; =&gt; Note ces poids dans ton tableau de suivi. <br>Ensuite, tu peux compter combien de fois tu utilises chaque \u00ab\u00a0emballage type\u00a0\u00bb au lieu de tout repeser \u00e0 chaque commande.<\/td><td class=\"has-text-align-center\" data-align=\"center\"><strong>Une fois au d\u00e9part<\/strong>, puis seulement si tu modifies ton emballage type<\/td><td>Une balance + un peu de temps<br><br>Tableau de suivi<br><\/td><\/tr><tr><td><strong>4. Organise ton suivi REP<\/strong><\/td><td><strong>Seulement pour les emballages dont TU es producteur REP<\/strong> (<a href=\"#producteur-rep\" type=\"internal\" id=\"#producteur-rep\"><\/a><a href=\"#producteur-rep\" type=\"internal\" id=\"#producteur-rep\">FAQ &#8211; producteur REP<\/a>)<\/td><td>Suis les <strong>quantit\u00e9s que tu mets sur le march\u00e9, s\u00e9par\u00e9ment pour chaque pays<\/strong>. Si tu es sous <strong>10 t\/an dans l\u2019\u00c9tat membre<\/strong>, le PPWR pr\u00e9voit un reporting simplifi\u00e9.<\/td><td class=\"has-text-align-center\" data-align=\"center\">Tout au long de l&rsquo;ann\u00e9e<\/td><td>Tableau de suivi<\/td><\/tr><tr><td><strong>5. Fais ta d\u00e9claration REP<\/strong><\/td><td><strong><img decoding=\"async\" class=\"flag-country\" src=\"https:\/\/le-bol.fr\/blog\/wp-content\/uploads\/2026\/09\/Flag_of_France.png\" alt=\"Drapeau France\"> <\/strong>France<\/td><td>D\u00e9clare selon <strong>le calendrier de ton \u00e9co-organisme<\/strong>.&nbsp;<\/td><td class=\"has-text-align-center\" data-align=\"center\">G\u00e9n\u00e9ralement en d\u00e9but d\u2019ann\u00e9e, selon l\u2019\u00e9co-organisme<\/td><td>Contribution REP<\/td><\/tr><tr><td><\/td><td><img decoding=\"async\" class=\"flag-country\" src=\"https:\/\/le-bol.fr\/blog\/wp-content\/uploads\/2026\/09\/Flag_of_Europe.png\" alt=\"Drapeau Europe\"> Autre pays UE<\/td><td>Suis le <strong>calendrier et les modalit\u00e9s du syst\u00e8me <strong>REP<\/strong> de ce pays<\/strong>.<\/td><td class=\"has-text-align-center\" data-align=\"center\">Selon le pays<\/td><td>Variable selon pays<\/td><\/tr><tr><td><strong>6. Pr\u00e9pare l&rsquo;\u00e9tiquette harmonis\u00e9e PPWR<\/strong><\/td><td>Seulement les emballages concern\u00e9s (voir ci-dessous)<\/td><td>Une <strong>\u00e9tiquette harmonis\u00e9e indiquant la composition en mat\u00e9riaux<\/strong> deviendra obligatoire. <strong>N&rsquo;invente pas ton propre pictogramme maintenant<\/strong> : le mod\u00e8le sera d\u00e9fini au niveau europ\u00e9en.<\/td><td class=\"has-text-align-center\" data-align=\"center\"><strong>\u00c0 partir du 12 ao\u00fbt 2028 ou 24 mois apr\u00e8s l&rsquo;acte d&rsquo;ex\u00e9cution <\/strong>(si cette date est plus tardive)<\/td><td>\u00c0 d\u00e9terminer<\/td><\/tr><tr><td><\/td><td><strong>Carton de transport ordinaire<\/strong><\/td><td>\ud83d\udfe2 <strong>Exempt\u00e9 de cette \u00e9tiquette harmonis\u00e9e de composition.<\/strong><\/td><td class=\"has-text-align-center\" data-align=\"center\">&#8211;<\/td><td>&#8211;<\/td><\/tr><tr><td><\/td><td><strong><strong>Carton d&rsquo;exp\u00e9dition d&rsquo;une vente en ligne\/\u00e0 distance \u00e0 l&rsquo;utilisateur final<\/strong><\/strong><\/td><td>C&rsquo;est un <strong>emballage de commerce en ligne<\/strong> : l&rsquo;exemption des emballages de transport ne s&rsquo;applique pas. Il devra donc <strong>porter l&rsquo;\u00e9tiquette lorsqu&rsquo;elle deviendra applicable<\/strong>.<\/td><td class=\"has-text-align-center\" data-align=\"center\">\u00c0 l&rsquo;entr\u00e9e en application de l&rsquo;obligation<\/td><td>\u00c0 d\u00e9terminer<\/td><\/tr><tr><td><strong>7. Anticipe les principales r\u00e8gles de 2030<\/strong><\/td><td>Tous les emballages concern\u00e9s<\/td><td>Ne change pas tout aujourd\u2019hui. Lors de tes futurs achats, privil\u00e9gie progressivement des emballages <strong>recyclables et avec le moins de poids et de volume possible<\/strong>, tout en conservant la protection n\u00e9cessaire \u00e0 tes c\u00e9ramiques.<\/td><td class=\"has-text-align-center\" data-align=\"center\">Progressivement avant 2030<\/td><td>\u00c9ventuel changement de fournisseurs<\/td><\/tr><\/tbody><\/table><\/figure>\n\n\n\n\n\n<div class=\"wp-block-uagb-advanced-heading uagb-block-ff85573c\"><h3 class=\"uagb-heading-text\">Rappel des dates cl\u00e9s<\/h3><\/div>\n\n\n\n<p style=\"margin-bottom:20px\"><strong>Pas de panique !<\/strong> M\u00eame si le nouveau r\u00e8glement s\u2019applique <strong>depuis le 12 ao\u00fbt 2026<\/strong>, tu n\u2019es pas oblig\u00e9\u00b7e de refaire imm\u00e9diatement tous tes emballages ni de jeter tout ce que tu utilisais jusque-l\u00e0. (<a href=\"#ppwr-emballages-recuperation\" type=\"internal\" id=\"#ppwr-emballages-recuperation\">FAQ &#8211; emballages r\u00e9cup\u00e9r\u00e9s<\/a>) !<\/p>\n\n\n\n<div class=\"wp-block-uagb-content-timeline uagb-timeline__outer-wrap uagb-block-f6956869 uagb-timeline__content-wrap uagb-timeline__center-block  uagb-timeline__arrow-center uagb-timeline\">\n<article class=\"wp-block-uagb-content-timeline-child uagb-timeline__field uagb-timeline-child-1cc7b8bf uagb-timeline__right\"><div class=\"uagb-timeline__marker out-view-uagb-timeline__icon\"><svg xmlns=\"https:\/\/www.w3.org\/2000\/svg\" viewBox=\"0 0 448 512\"><path d=\"M160 32V64H288V32C288 14.33 302.3 0 320 0C337.7 0 352 14.33 352 32V64H400C426.5 64 448 85.49 448 112V160H0V112C0 85.49 21.49 64 48 64H96V32C96 14.33 110.3 0 128 0C145.7 0 160 14.33 160 32zM0 192H448V464C448 490.5 426.5 512 400 512H48C21.49 512 0 490.5 0 464V192zM64 304C64 312.8 71.16 320 80 320H112C120.8 320 128 312.8 128 304V272C128 263.2 120.8 256 112 256H80C71.16 256 64 263.2 64 272V304zM192 304C192 312.8 199.2 320 208 320H240C248.8 320 256 312.8 256 304V272C256 263.2 248.8 256 240 256H208C199.2 256 192 263.2 192 272V304zM336 256C327.2 256 320 263.2 320 272V304C320 312.8 327.2 320 336 320H368C376.8 320 384 312.8 384 304V272C384 263.2 376.8 256 368 256H336zM64 432C64 440.8 71.16 448 80 448H112C120.8 448 128 440.8 128 432V400C128 391.2 120.8 384 112 384H80C71.16 384 64 391.2 64 400V432zM208 384C199.2 384 192 391.2 192 400V432C192 440.8 199.2 448 208 448H240C248.8 448 256 440.8 256 432V400C256 391.2 248.8 384 240 384H208zM320 432C320 440.8 327.2 448 336 448H368C376.8 448 384 440.8 384 432V400C384 391.2 376.8 384 368 384H336C327.2 384 320 391.2 320 400V432z\"><\/path><\/svg><\/div><div class=\"uagb-timeline__day-new uagb-timeline__day-right uagb-timeline__events-inner-new\"><div class=\"uagb-timeline__events-inner--content\"><div class=\"uagb-timeline__date-hide uagb-timeline__inner-date-new\">12 ao\u00fbt 2026<\/div><p class=\"uagb-timeline__heading\">\ud83c\udf10 <strong>Le PPWR s&rsquo;applique<\/strong><\/p><p class=\"uagb-timeline-desc-content\">Je commence \u00e0 appliquer les nouvelles r\u00e8gles qui me concernent.<\/p><div class=\"uagb-timeline__arrow\"><\/div><\/div><\/div><div class=\"uagb-timeline__date-new\">12 ao\u00fbt 2026<\/div><\/article>\n\n\n\n<article class=\"wp-block-uagb-content-timeline-child uagb-timeline__field uagb-timeline-child-2d414652 uagb-timeline__left\"><div class=\"uagb-timeline__marker out-view-uagb-timeline__icon\"><svg xmlns=\"https:\/\/www.w3.org\/2000\/svg\" viewBox=\"0 0 448 512\"><path d=\"M160 32V64H288V32C288 14.33 302.3 0 320 0C337.7 0 352 14.33 352 32V64H400C426.5 64 448 85.49 448 112V160H0V112C0 85.49 21.49 64 48 64H96V32C96 14.33 110.3 0 128 0C145.7 0 160 14.33 160 32zM0 192H448V464C448 490.5 426.5 512 400 512H48C21.49 512 0 490.5 0 464V192zM64 304C64 312.8 71.16 320 80 320H112C120.8 320 128 312.8 128 304V272C128 263.2 120.8 256 112 256H80C71.16 256 64 263.2 64 272V304zM192 304C192 312.8 199.2 320 208 320H240C248.8 320 256 312.8 256 304V272C256 263.2 248.8 256 240 256H208C199.2 256 192 263.2 192 272V304zM336 256C327.2 256 320 263.2 320 272V304C320 312.8 327.2 320 336 320H368C376.8 320 384 312.8 384 304V272C384 263.2 376.8 256 368 256H336zM64 432C64 440.8 71.16 448 80 448H112C120.8 448 128 440.8 128 432V400C128 391.2 120.8 384 112 384H80C71.16 384 64 391.2 64 400V432zM208 384C199.2 384 192 391.2 192 400V432C192 440.8 199.2 448 208 448H240C248.8 448 256 440.8 256 432V400C256 391.2 248.8 384 240 384H208zM320 432C320 440.8 327.2 448 336 448H368C376.8 448 384 440.8 384 432V400C384 391.2 376.8 384 368 384H336C327.2 384 320 391.2 320 400V432z\"><\/path><\/svg><\/div><div class=\"uagb-timeline__day-new uagb-timeline__day-left uagb-timeline__events-inner-new\"><div class=\"uagb-timeline__events-inner--content\"><div class=\"uagb-timeline__date-hide uagb-timeline__inner-date-new\">01 janvier 2027<\/div><p class=\"uagb-timeline__heading\">\ud83c\udfed <strong>La REP des emballages professionnels d\u00e9marre en France<\/strong><\/p><p class=\"uagb-timeline-desc-content\">Si tu es \u00ab\u00a0producteur\u00a0\u00bb REP concern\u00e9 (<a href=\"#faq-emballage-menager-vs-professionnel\" type=\"internal\" id=\"#faq-emballage-menager-vs-professionnel\">FAQ &#8211; emballage m\u00e9nager VS professionnel<\/a>)\u00a0=> adh\u00e9sion, suivi et contribution \u00e0 l&rsquo;\u00e9co-organisme correspondant (<a href=\"#faq-interlocuteurs-rep-france\" type=\"internal\" id=\"#faq-interlocuteurs-rep-france\">FAQ &#8211; interlocuteurs REP France<\/a>).<\/p><div class=\"uagb-timeline__arrow\"><\/div><\/div><\/div><div class=\"uagb-timeline__date-new\">01 janvier 2027<\/div><\/article>\n\n\n\n<article class=\"wp-block-uagb-content-timeline-child uagb-timeline__field uagb-timeline-child-6d342cf0 uagb-timeline__right\"><div class=\"uagb-timeline__marker out-view-uagb-timeline__icon\"><svg xmlns=\"https:\/\/www.w3.org\/2000\/svg\" viewBox=\"0 0 448 512\"><path d=\"M160 32V64H288V32C288 14.33 302.3 0 320 0C337.7 0 352 14.33 352 32V64H400C426.5 64 448 85.49 448 112V160H0V112C0 85.49 21.49 64 48 64H96V32C96 14.33 110.3 0 128 0C145.7 0 160 14.33 160 32zM0 192H448V464C448 490.5 426.5 512 400 512H48C21.49 512 0 490.5 0 464V192zM64 304C64 312.8 71.16 320 80 320H112C120.8 320 128 312.8 128 304V272C128 263.2 120.8 256 112 256H80C71.16 256 64 263.2 64 272V304zM192 304C192 312.8 199.2 320 208 320H240C248.8 320 256 312.8 256 304V272C256 263.2 248.8 256 240 256H208C199.2 256 192 263.2 192 272V304zM336 256C327.2 256 320 263.2 320 272V304C320 312.8 327.2 320 336 320H368C376.8 320 384 312.8 384 304V272C384 263.2 376.8 256 368 256H336zM64 432C64 440.8 71.16 448 80 448H112C120.8 448 128 440.8 128 432V400C128 391.2 120.8 384 112 384H80C71.16 384 64 391.2 64 400V432zM208 384C199.2 384 192 391.2 192 400V432C192 440.8 199.2 448 208 448H240C248.8 448 256 440.8 256 432V400C256 391.2 248.8 384 240 384H208zM320 432C320 440.8 327.2 448 336 448H368C376.8 448 384 440.8 384 432V400C384 391.2 376.8 384 368 384H336C327.2 384 320 391.2 320 400V432z\"><\/path><\/svg><\/div><div class=\"uagb-timeline__day-new uagb-timeline__day-right uagb-timeline__events-inner-new\"><div class=\"uagb-timeline__events-inner--content\"><div class=\"uagb-timeline__date-hide uagb-timeline__inner-date-new\">12 ao\u00fbt 2028<\/div><p class=\"uagb-timeline__heading\">\ud83c\udff7\ufe0f <strong>\u00c9tiquette harmonis\u00e9e europ\u00e9enne<\/strong><\/p><p class=\"uagb-timeline-desc-content\">Les emballages concern\u00e9s devront indiquer leur composition avec le pictogramme europ\u00e9en. <br><strong>La date pourra \u00eatre repouss\u00e9e selon<\/strong> <strong>la publication des textes europ\u00e9ens.<\/strong><br>Attends que le mod\u00e8le soit d\u00e9fini avant de tout refaire ! (<a href=\"#ppwr-etiquette-harmonisee\">FAQ &#8211; \u00e9tiquette harmonis\u00e9e<\/a>).<\/p><div class=\"uagb-timeline__arrow\"><\/div><\/div><\/div><div class=\"uagb-timeline__date-new\">12 ao\u00fbt 2028<\/div><\/article>\n\n\n\n<article class=\"wp-block-uagb-content-timeline-child uagb-timeline__field uagb-timeline-child-1bee8ee3 uagb-timeline__left\"><div class=\"uagb-timeline__marker out-view-uagb-timeline__icon\"><svg xmlns=\"https:\/\/www.w3.org\/2000\/svg\" viewBox=\"0 0 448 512\"><path d=\"M160 32V64H288V32C288 14.33 302.3 0 320 0C337.7 0 352 14.33 352 32V64H400C426.5 64 448 85.49 448 112V160H0V112C0 85.49 21.49 64 48 64H96V32C96 14.33 110.3 0 128 0C145.7 0 160 14.33 160 32zM0 192H448V464C448 490.5 426.5 512 400 512H48C21.49 512 0 490.5 0 464V192zM64 304C64 312.8 71.16 320 80 320H112C120.8 320 128 312.8 128 304V272C128 263.2 120.8 256 112 256H80C71.16 256 64 263.2 64 272V304zM192 304C192 312.8 199.2 320 208 320H240C248.8 320 256 312.8 256 304V272C256 263.2 248.8 256 240 256H208C199.2 256 192 263.2 192 272V304zM336 256C327.2 256 320 263.2 320 272V304C320 312.8 327.2 320 336 320H368C376.8 320 384 312.8 384 304V272C384 263.2 376.8 256 368 256H336zM64 432C64 440.8 71.16 448 80 448H112C120.8 448 128 440.8 128 432V400C128 391.2 120.8 384 112 384H80C71.16 384 64 391.2 64 400V432zM208 384C199.2 384 192 391.2 192 400V432C192 440.8 199.2 448 208 448H240C248.8 448 256 440.8 256 432V400C256 391.2 248.8 384 240 384H208zM320 432C320 440.8 327.2 448 336 448H368C376.8 448 384 440.8 384 432V400C384 391.2 376.8 384 368 384H336C327.2 384 320 391.2 320 400V432z\"><\/path><\/svg><\/div><div class=\"uagb-timeline__day-new uagb-timeline__day-left uagb-timeline__events-inner-new\"><div class=\"uagb-timeline__events-inner--content\"><div class=\"uagb-timeline__date-hide uagb-timeline__inner-date-new\">01 janvier 2030<\/div><p class=\"uagb-timeline__heading\">\u267b\ufe0f <strong>Emballages davantage recyclables et r\u00e9duits au n\u00e9cessaire<\/strong> + <strong>limitation de l&rsquo;espace vide, notamment pour les colis e-commerce<\/strong> (<a href=\"#ppwr-ratio-espace-vide\" type=\"internal\" id=\"#ppwr-ratio-espace-vide\">FAQ &#8211; ratio espace vide<\/a>).<\/p><p class=\"uagb-timeline-desc-content\">Je privil\u00e9gie progressivement des emballages recyclables, avec le moins de poids et de volume possible, <strong>tout en prot\u00e9geant correctement mes c\u00e9ramiques<\/strong>. (<a href=\"#ppwr-protection-contre-casse\" type=\"internal\" id=\"#ppwr-protection-contre-casse\">voir cas particulier<\/a>)<\/p><div class=\"uagb-timeline__arrow\"><\/div><\/div><\/div><div class=\"uagb-timeline__date-new\">01 janvier 2030<\/div><\/article>\n<div class=\"uagb-timeline__line\"><div class=\"uagb-timeline__line__inner\"><\/div><\/div><\/div>\n\n\n\n<h4 class=\"wp-block-heading has-medium-font-size\" style=\"margin-top:20px\"><strong>L\u2019\u00e9tiquetage harmonis\u00e9 : quelles obligations ?<\/strong><\/h4>\n\n\n\n<p><strong>L\u2019obligation d\u2019\u00e9tiquetage harmonis\u00e9 europ\u00e9en s\u2019appliquera \u00e0 partir du 12 ao\u00fbt 2028 ou 24 mois apr\u00e8s l\u2019entr\u00e9e en vigueur de l\u2019acte d\u2019ex\u00e9cution <\/strong>(si cette date est plus tardive)<strong>.<\/strong> Son objectif est d\u2019<strong>indiquer la composition mat\u00e9rielle de l\u2019emballage avec des pictogrammes harmonis\u00e9s, pour faciliter le tri<\/strong>.<\/p>\n\n\n\n<p><strong>N\u2019engage pas encore de frais pour modifier tes emballages<\/strong> : le mod\u00e8le et les modalit\u00e9s pr\u00e9cises de cette \u00e9tiquette doivent encore \u00eatre d\u00e9finis au niveau europ\u00e9en.<\/p>\n\n\n\n<p>Pour en savoir plus, voir la <a href=\"#ppwr-etiquette-harmonisee\" type=\"internal\" id=\"#ppwr-etiquette-harmonisee\">FAQ &#8211; \u00e9tiquette harmonis\u00e9e<\/a>.<\/p>\n\n\n\n<p class=\"has-text-align-center has-background\" style=\"background-color:#ece3d2;margin-top:30px;margin-bottom:30px\"><strong>Une autre r\u00e9glementation essentielle pour les c\u00e9ramistes<br><\/strong>Si tes cr\u00e9ations sont destin\u00e9es au contact alimentaire, sais-tu quels justificatifs pr\u00e9senter en cas de contr\u00f4le de la DGCCRF ? <br>Pour cela, je t&rsquo;invite \u00e0 <a href=\"https:\/\/le-bol.fr\/blog\/dgccrf-ceramique\/\" type=\"link\" id=\"https:\/\/le-bol.fr\/blog\/dgccrf-ceramique\/\" target=\"_blank\" rel=\"noreferrer noopener\"><strong>d\u00e9couvrir notre guide concret DGCCRF &amp; C\u00e9ramique<\/strong><\/a><\/p>\n\n\n\n<div class=\"wp-block-uagb-advanced-heading uagb-block-00eefd86\"><h3 class=\"uagb-heading-text\">Quels sont les co\u00fbts \u00e0 pr\u00e9voir&nbsp;?<\/h3><\/div>\n\n\n\n<p>Pour un petit atelier de c\u00e9ramique, on peut distinguer principalement <strong>4 types de co\u00fbts<\/strong> :&nbsp;<\/p>\n\n\n\n<h4 class=\"wp-block-heading\" style=\"margin-top:20px\">1 &#8211; Les co\u00fbts r\u00e9glementaires<\/h4>\n\n\n\n<p>\u00c9co-contribution de la REP fran\u00e7aise, les \u00e9ventuelles contributions dans les autres pays europ\u00e9ens (voir <a href=\"#exemples-couts-ue\" type=\"internal\" id=\"#exemples-couts-ue\"><strong>exemples de co\u00fbts dans l&rsquo;UE<\/strong><\/a>), les frais fixes d&rsquo;\u00e9co-organismes, les inscriptions payantes lorsqu&rsquo;elles existent et les \u00e9ventuels frais de mandataire REP dans un autre \u00c9tat membre (voir <a href=\"#mandataire-rep\" type=\"internal\" id=\"#mandataire-rep\">Mandataire REP &#8211; \u00e0 surveiller<\/a>).<\/p>\n\n\n\n<p>Je te rappelle que la REP finance notamment la gestion des d\u00e9chets d&#8217;emballages dans le pays concern\u00e9.<\/p>\n\n\n\n<h4 class=\"wp-block-heading\" style=\"margin-top:20px\">2 &#8211; Le co\u00fbt des emballages<\/h4>\n\n\n\n<p>Apr\u00e8s avoir fait ton inventaire, il faudra peut-\u00eatre modifier certains emballages : supprimer un mat\u00e9riau, all\u00e9ger une bo\u00eete, remplacer un calage, revoir un coffret complexe, modifier un marquage, etc. <br>Avec le PPWR, <strong>la conception de l&#8217;emballage devient un sujet de conformit\u00e9<\/strong> (<a href=\"#ppwr-emballage-conforme\" type=\"internal\" id=\"#ppwr-emballage-conforme\">FAQ &#8211; emballage conforme<\/a>).<\/p>\n\n\n\n<h4 class=\"wp-block-heading\" style=\"margin-top:20px\">3 &#8211; Le co\u00fbt administratif (probablement le plus important)<\/h4>\n\n\n\n<p>C\u2019est probablement <strong>le principal co\u00fbt pour un petit atelier : ton temps<\/strong>.<\/p>\n\n\n\n<p>Il faudra notamment suivre tes emballages, conserver certains documents, effectuer tes d\u00e9clarations REP et surveiller les \u00e9volutions r\u00e9glementaires.<\/p>\n\n\n\n<p>Pour quelques kilos de carton, <strong>le temps consacr\u00e9 aux d\u00e9marches peut co\u00fbter davantage que l\u2019\u00e9co-contribution elle-m\u00eame<\/strong>. D\u2019o\u00f9 l\u2019int\u00e9r\u00eat de mettre en place <strong>un syst\u00e8me de suivi simple d\u00e8s le d\u00e9part<\/strong>.<\/p>\n\n\n\n\n\n<h4 class=\"wp-block-heading\" style=\"margin-top:20px\">4 &#8211; Les co\u00fbts externes \u00e9ventuels<\/h4>\n\n\n\n<p>Expert-comptable, consultant PPWR\/ REP, logiciel de suivi, mandataire dans un autre \u00c9tat membre, ou prestataire qui centralise les d\u00e9marches europ\u00e9ennes.<\/p>\n\n\n\n<p class=\"has-text-align-center\" style=\"margin-bottom:20px\">&#8212;-<\/p>\n\n\n\n<h4 class=\"wp-block-heading has-medium-font-size\" id=\"exemples-couts-france\" style=\"margin-bottom:25px\"><strong><img decoding=\"async\" class=\"flag-country\" src=\"https:\/\/le-bol.fr\/blog\/wp-content\/uploads\/2026\/09\/Flag_of_France.png\" alt=\"Drapeau France\"> Exemples de co\u00fbts \u00e0 pr\u00e9voir si je vends en France<\/strong><\/h4>\n\n\n\n<figure class=\"wp-block-table\"><table class=\"has-fixed-layout\"><thead><tr><th>Situation<\/th><th>Frais fixes<\/th><th>Contribution REP li\u00e9e aux emballages d\u00e9clar\u00e9s<\/th><\/tr><\/thead><tbody><tr><td><strong>Carton de transport standard achet\u00e9 vide en France<\/strong>, utilis\u00e9 pour exp\u00e9dier tes pi\u00e8ces en France<\/td><td><strong>0&nbsp;\u20ac<\/strong><\/td><td><strong>0&nbsp;\u20ac<\/strong>&nbsp;pour toi : dans ce cas, tu n\u2019es pas le \u00ab&nbsp;producteur&nbsp;\u00bb REP du carton<\/td><\/tr><tr><td><strong>Sac, pochette ou emballage de service <strong>standard <\/strong>achet\u00e9 vide en France<\/strong>, puis rempli au moment de la vente<\/td><td><strong>0 \u20ac<\/strong><\/td><td><strong>0&nbsp;\u20ac<\/strong>&nbsp;pour toi : dans ce cas,&nbsp;tu n\u2019es pas le \u00ab&nbsp;producteur&nbsp;\u00bb REP de cet emballage<\/td><\/tr><tr><td><strong>Emballage m\u00e9nager dont TU es \u00ab&nbsp;producteur&nbsp;\u00bb REP<\/strong>&nbsp;(par ex. certains emballages de vente de tes pi\u00e8ces) (<a href=\"#producteur-rep\" type=\"internal\" id=\"#producteur-rep\">FAQ &#8211; quand suis-je producteur REP ?<\/a>)<\/td><td>&#8211; Citeo :&nbsp;<strong>forfait de 80&nbsp;\u20ac\/an si moins de 10&nbsp;000&nbsp;UVC\/an<\/strong><br>&#8211; Adelphe : <strong>forfait \/ minimum de facturation 110 \u20ac HT\/an<\/strong>&nbsp;sous 10&nbsp;000 emballages<br>&#8211; L\u00e9ko : tarif \u00e0 v\u00e9rifier<\/td><td>&#8211; Citeo et Adelphe : <strong>incluse dans le forfait <\/strong>pour cette d\u00e9claration simplifi\u00e9e.<br>&#8211; L\u00e9ko : selon le mode de d\u00e9claration et les emballages d\u00e9clar\u00e9s<\/td><\/tr><tr><td><strong>Emballage professionnel dont TU es \u00ab&nbsp;producteur&nbsp;\u00bb REP<\/strong> (<a href=\"#faq-emballage-menager-vs-professionnel\" type=\"internal\" id=\"#faq-emballage-menager-vs-professionnel\">FAQ &#8211; emballage m\u00e9nager VS professionnel<\/a>)<\/td><td>Citeo Pro \/ L\u00e9ko Pro \/ Twiice : <strong>bar\u00e8mes 2027 en cours de publication<\/strong><\/td><td><strong>Variable selon l\u2019\u00e9co-organisme, le poids et les mat\u00e9riaux d\u00e9clar\u00e9s<\/strong><\/td><\/tr><\/tbody><\/table><\/figure>\n\n\n\n<p>\ud83d\udca1&nbsp;<strong>\u00c0 retenir : utiliser un emballage ne signifie pas forc\u00e9ment devoir payer une REP dessus.<\/strong>&nbsp;En France, tu ne d\u00e9clares et ne paies une contribution que pour les emballages&nbsp;<strong>dont tu es r\u00e9ellement \u00ab producteur \u00bb REP<\/strong>.<\/p>\n\n\n\n<p>Pour en savoir plus : <a href=\"#faq-interlocuteurs-rep-france\" type=\"internal\" id=\"#faq-interlocuteurs-rep-france\">FAQ &#8211; Les interlocuteurs REP en France<\/a><\/p>\n\n\n\n<h4 class=\"wp-block-heading\" style=\"margin-top:25px\"><strong>L&rsquo;UVC (Unit\u00e9 de Vente Consommateur), c&rsquo;est quoi ?<\/strong><\/h4>\n\n\n\n<p style=\"margin-bottom:10px\">L&rsquo;<strong>UVC <\/strong>est&nbsp;\u00ab une unit\u00e9 de produit conditionn\u00e9 qu\u2019un consommateur peut acheter s\u00e9par\u00e9ment des autres \u00bb. Elle <strong>ne correspond donc pas forc\u00e9ment \u00e0 une pi\u00e8ce en c\u00e9ramique <\/strong>: c\u2019est <strong>le produit conditionn\u00e9 tel qu\u2019il est propos\u00e9 \u00e0 la vente<\/strong> qui compte.<br><br>Mais je pense que quelques exemples seront plus parlants <em>(pour rappel, dans la mesure o\u00f9 tu serais \u00ab&nbsp;producteur&nbsp;\u00bb REP des emballages concern\u00e9s)<\/em>&nbsp;:<\/p>\n\n\n\n<ul class=\"wp-block-list\">\n<li><strong>Exemple 1 :<\/strong>&nbsp;tu vends un vase <strong>dans&nbsp;sa bo\u00eete de pr\u00e9sentation<\/strong>&nbsp;=&gt;&nbsp;<strong>1 UVC<\/strong>.<\/li>\n\n\n\n<li><strong>Exemple 2 :<\/strong>&nbsp;une cliente ach\u00e8te&nbsp;<strong>un vase et deux bols<\/strong>, chacun vendu et conditionn\u00e9 s\u00e9par\u00e9ment <strong>dans son propre emballage de vente<\/strong> =&gt;&nbsp;<strong>3 UVC<\/strong>.<\/li>\n\n\n\n<li><strong>Exemple 3 :<\/strong>&nbsp;tu proposes un&nbsp;<strong>service \u00e0 th\u00e9 compos\u00e9 d\u2019une th\u00e9i\u00e8re et de 2 tasses, vendu uniquement comme un ensemble dans une m\u00eame bo\u00eete<\/strong>&nbsp;=&gt;&nbsp;<strong>1 UVC<\/strong>.<br><\/li>\n\n\n\n<li style=\"margin-bottom:25px\"><strong>Et le carton d\u2019exp\u00e9dition ?<\/strong> Lorsqu\u2019il rel\u00e8ve de ta d\u00e9claration REP,&nbsp;Citeo compte <strong>un carton d\u2019exp\u00e9dition comme 1 UVC suppl\u00e9mentaire<\/strong>, quel que soit le nombre de produits qu\u2019il contient.<br>Mais dans le cas courant o\u00f9 <strong>tu ach\u00e8tes en France un carton de transport standard vide pour exp\u00e9dier tes c\u00e9ramiques<\/strong>, tu n\u2019es en principe <strong>pas le \u00ab producteur \u00bb REP de ce carton : tu ne le comptes donc pas dans ta d\u00e9claration.<\/strong> (<a href=\"#producteur-rep\" type=\"internal\" id=\"#producteur-rep\">FAQ &#8211; quand suis-je producteur REP ?<\/a>)<\/li>\n<\/ul>\n\n\n\n<p>\ud83d\udca1&nbsp;<strong>A retenir : <\/strong>Pour un petit atelier de c\u00e9ramique, <strong>limiter les emballages de vente individuels<\/strong> peut donc aussi <strong>simplifier les d\u00e9marches REP et r\u00e9duire les co\u00fbts associ\u00e9s.<\/strong><\/p>\n\n\n\n<p class=\"has-text-align-center\" style=\"margin-bottom:20px\">&#8212;-<\/p>\n\n\n\n<h4 class=\"wp-block-heading has-medium-font-size\" id=\"exemples-couts-ue\"><strong><img decoding=\"async\" class=\"flag-country\" src=\"https:\/\/le-bol.fr\/blog\/wp-content\/uploads\/2026\/09\/Flag_of_Europe.png\" alt=\"Drapeau Europe\"> Exemples de co\u00fbts \u00e0 pr\u00e9voir si je vends dans l&rsquo;UE<\/strong><\/h4>\n\n\n\n<p>Pour un petit atelier de c\u00e9ramique,&nbsp;<strong>la contribution REP li\u00e9e aux quantit\u00e9s d\u2019emballages mises sur le march\u00e9 reste g\u00e9n\u00e9ralement faible<\/strong>. Ce sont surtout les frais minimums, l\u2019adh\u00e9sion et \u00e9ventuellement le recours \u00e0 un mandataire qui peuvent augmenter la facture.<\/p>\n\n\n\n<p>\u26a0\ufe0f <strong>Attention : Les montants donn\u00e9s ci-dessous sont indicatifs et peuvent \u00e9voluer.<\/strong>&nbsp;<br>Avant de commencer \u00e0 vendre r\u00e9guli\u00e8rement dans un nouveau pays, <strong>je te conseille de v\u00e9rifier les modalit\u00e9s aupr\u00e8s du registre ou de l&rsquo;organisme REP <\/strong>concern\u00e9.<\/p>\n\n\n\n<div class=\"wp-block-group is-layout-constrained wp-container-core-group-is-layout-c49cbee7 wp-block-group-is-layout-constrained\" style=\"border-width:1px;margin-top:20px;margin-bottom:40px;padding-top:20px;padding-right:20px;padding-bottom:20px;padding-left:20px\">\n<p class=\"has-text-align-center has-medium-font-size\"><strong>R\u00e9sum\u00e9 des frais \u00e0 pr\u00e9voir<\/strong><\/p>\n\n\n\n<p><strong>1. Les frais fixes<\/strong>&nbsp;: inscription, adh\u00e9sion ou contribution annuelle minimale. Ils peuvent \u00eatre dus, m\u00eame si tu exp\u00e9dies tr\u00e8s peu.<\/p>\n\n\n\n<p><strong>2. Les contributions REP :<\/strong>&nbsp;elles d\u00e9pendent des&nbsp;<strong>emballages que tu as r\u00e9ellement mis sur le march\u00e9 en tant que \u00ab&nbsp;producteur&nbsp;\u00bb REP<\/strong>&nbsp;pendant l\u2019ann\u00e9e. Elles varient notamment selon la&nbsp;<strong>quantit\u00e9, le poids et les mat\u00e9riaux des emballages d\u00e9clar\u00e9s<\/strong>&nbsp;\u00e0 l\u2019\u00e9co-organisme du pays concern\u00e9.<\/p>\n\n\n\n<p><strong>3. Mandataire REP \u00e9ventuel :<\/strong>&nbsp;pour certaines ventes directes dans un autre pays de l\u2019UE, tu peux devoir d\u00e9signer un repr\u00e9sentant charg\u00e9 d\u2019effectuer les d\u00e9marches REP en ton nom.&nbsp;<strong>Ce service payant peut s\u2019ajouter aux frais fixes et aux contributions REP.<\/strong><br><strong>\u00c0 surveiller :<\/strong>&nbsp;une proposition europ\u00e9enne pr\u00e9voit de suspendre cette obligation jusqu\u2019au 1er janvier 2035 pour les entreprises \u00e9tablies dans l\u2019UE.&nbsp;<strong>Cette suspension n\u2019est pas encore adopt\u00e9e. (voir <a href=\"#mandataire-rep\" type=\"internal\" id=\"#mandataire-rep\">Mandataire REP &#8211; \u00e0 surveiller<\/a>).<\/strong><\/p>\n<\/div>\n\n\n\n<p><\/p>\n\n\n\n<h4 class=\"wp-block-heading has-medium-font-size\" style=\"margin-bottom:20px\">Tableau r\u00e9capitulatif des frais fixes et des contributions REP dans l\u2019Union Europ\u00e9enne<\/h4>\n\n\n\n<figure class=\"wp-block-table aligncenter\"><table class=\"has-fixed-layout\"><thead><tr><th>Pays<\/th><th>Frais fixes<\/th><th>Contribution REP li\u00e9e aux emballages d\u00e9clar\u00e9s<\/th><\/tr><\/thead><tbody><tr><td><img decoding=\"async\" class=\"flag-country\" src=\"https:\/\/le-bol.fr\/blog\/wp-content\/uploads\/2026\/09\/Flag_of_Germany.png\" alt=\"Drapeau Allemagne\">&nbsp;<strong>Allemagne<\/strong><\/td><td><strong>Inscription LUCID : 0 \u20ac<\/strong><\/td><td><strong>Variable<\/strong>&nbsp;selon les kg et mat\u00e9riaux. Le tarif d\u00e9pend de l&rsquo;\u00e9co-organisme choisi. (<a href=\"https:\/\/www.verpackungsregister.org\/en\/faq-detail-category\/questions-about-registration\" target=\"_blank\" rel=\"noreferrer noopener\">verpackungsregister.org<\/a>)<\/td><\/tr><tr><td><img decoding=\"async\" class=\"flag-country\" src=\"https:\/\/le-bol.fr\/blog\/wp-content\/uploads\/2026\/09\/Flag_of_Belgium.png\" alt=\"Drapeau Belgique\">&nbsp;<strong>Belgique<\/strong><\/td><td><strong>Minimum annuel : 100 \u20ac<\/strong>, r\u00e9duit \u00e0&nbsp;<strong>50 \u20ac avec pr\u00e9l\u00e8vement automatique<\/strong><\/td><td>Calcul\u00e9e selon les kg\/unit\u00e9s et mat\u00e9riaux d\u00e9clar\u00e9s. Si le montant calcul\u00e9 est inf\u00e9rieur au minimum, c&rsquo;est le minimum qui s&rsquo;applique. Par exemple, Fost Plus : papier-carton \u00e0 0,1503 \u20ac\/kg en 2026. (<a href=\"https:\/\/www.fostplus.be\/fr\/membres\/tout-savoir-sur-votre-declaration-chez-fost-plus\" target=\"_blank\" rel=\"noreferrer noopener\">Fost Plus<\/a>)<\/td><\/tr><tr><td><img decoding=\"async\" class=\"flag-country\" src=\"https:\/\/le-bol.fr\/blog\/wp-content\/uploads\/2026\/09\/Flag_of_the_Netherlands.png\" alt=\"Drapeau Pays-Bas\">&nbsp;<strong>Pays-Bas<\/strong><\/td><td><strong>Pas d&rsquo;inscription sous 50 000 kg\/an<\/strong>, hors cas particuliers<\/td><td><strong>0 \u20ac sous 50 000 kg\/an<\/strong>, hors notamment emballages SUP et consigne. Verpact indique toutefois que ce seuil de 50 000 kg devrait dispara\u00eetre \u00e0 l&rsquo;avenir avec la mise en \u0153uvre du PPWR.&nbsp;(<a href=\"https:\/\/www.verpact.nl\/en\/registration-form-europe\" type=\"link\" id=\"https:\/\/www.verpact.nl\/en\/registration-form-europe\" target=\"_blank\" rel=\"noreferrer noopener\">verpact.nl<\/a>)<\/td><\/tr><tr><td><img decoding=\"async\" class=\"flag-country\" src=\"https:\/\/le-bol.fr\/blog\/wp-content\/uploads\/2026\/09\/Flag_of_Spain.png\" alt=\"Drapeau Espagne\">&nbsp;<strong>Espagne<\/strong><\/td><td>Selon l&rsquo;\u00e9co-organisme. Par ex.&nbsp;<strong>minimum de 150 \u20ac\/an<\/strong>&nbsp;chez Procircular<\/td><td>Puis contribution selon&nbsp;<strong>quantit\u00e9 + mat\u00e9riau<\/strong>&nbsp;; elle peut rester comprise dans le minimum si les volumes sont faibles. Par exemple, Procircular applique le carton commercial \u00e0 0,029 \u20ac\/kg. <br>(<a href=\"https:\/\/www.miteco.gob.es\/ca\/calidad-y-evaluacion-ambiental\/temas\/prevencion-y-gestion-residuos\/prevencion-y-gestion-residuos\/registro-productores-producto-seccion-envases.html\" target=\"_blank\" rel=\"noreferrer noopener\">miteco.gob.es<\/a>,&nbsp;<a href=\"https:\/\/procircular.es\/wp-content\/uploads\/2025\/07\/Tarifas-C_I-2026-ES.pdf\" target=\"_blank\" rel=\"noreferrer noopener\">procircular.es<\/a>)<\/td><\/tr><tr><td><img decoding=\"async\" class=\"flag-country\" src=\"https:\/\/le-bol.fr\/blog\/wp-content\/uploads\/2026\/09\/Flag_of_Italy.png\" alt=\"Drapeau Italie\">&nbsp;<strong>Italie<\/strong><\/td><td>Lorsque l&rsquo;adh\u00e9sion CONAI est requise :&nbsp;<strong>5,16 \u20ac de droit d&rsquo;adh\u00e9sion de base<\/strong>, pay\u00e9 une fois <strong>+ \u00e9ventuelle part variable<\/strong>.<\/td><td>Contribution&nbsp;<strong>CAC selon le poids et le mat\u00e9riau<\/strong>. Par exemple, carton\/papier standard :&nbsp;<strong>45 \u20ac\/tonne en 2026<\/strong>, soit&nbsp;<strong>0,045 \u20ac\/kg<\/strong>. (<a href=\"https:\/\/www.conai.org\/download\/abstract-conai-guide-2025-eng\/?tmstv=1770212753\" target=\"_blank\" rel=\"noreferrer noopener\">Conai<\/a>)<\/td><\/tr><\/tbody><\/table><\/figure>\n\n\n\n<p><strong>\ud83d\udca1 \u00c0 retenir :<\/strong>&nbsp;tu ne d\u00e9clares pas tous les emballages que tu ach\u00e8tes ou utilises, mais uniquement ceux&nbsp;<strong>pour lesquels tu es consid\u00e9r\u00e9\u00b7e comme \u00ab&nbsp;producteur&nbsp;\u00bb REP dans le pays concern\u00e9<\/strong>. Les tarifs ci-dessus ne s\u2019appliquent donc <strong>que si tu es effectivement soumis \u00e0 la REP dans ce pays<\/strong>.<\/p>\n\n\n\n<figure class=\"wp-block-image aligncenter size-full is-resized\" style=\"margin-top:20px;margin-bottom:20px\"><img loading=\"lazy\" decoding=\"async\" width=\"1000\" height=\"563\" src=\"https:\/\/le-bol.fr\/blog\/wp-content\/uploads\/2026\/08\/pexels-ketut-subiyanto-4246183.jpg\" alt=\"Mains tenant une assiette partiellement emball\u00e9e dans une papier de protection, au-dessus d'un carton.\" class=\"wp-image-16678\" style=\"width:500px\" srcset=\"https:\/\/le-bol.fr\/blog\/wp-content\/uploads\/2026\/08\/pexels-ketut-subiyanto-4246183.jpg 1000w, https:\/\/le-bol.fr\/blog\/wp-content\/uploads\/2026\/08\/pexels-ketut-subiyanto-4246183-300x169.jpg 300w, https:\/\/le-bol.fr\/blog\/wp-content\/uploads\/2026\/08\/pexels-ketut-subiyanto-4246183-768x432.jpg 768w\" sizes=\"(max-width: 1000px) 100vw, 1000px\" \/><\/figure>\n\n\n\n<div class=\"wp-block-uagb-advanced-heading uagb-block-ca1de793\"><h3 class=\"uagb-heading-text\">Quels sont les risques en cas de non-conformit\u00e9 ?<\/h3><\/div>\n\n\n\n<p>Il faut d&rsquo;abord distinguer <strong>2 types de non-conformit\u00e9<\/strong> : la <strong>non-conformit\u00e9 de l&#8217;emballage au PPWR<\/strong> et le <strong>non-respect des obligations REP<\/strong>. Les cons\u00e9quences ne sont pas les m\u00eames.<\/p>\n\n\n\n<p>L\u2019essentiel est de pouvoir montrer que tu as identifi\u00e9 les emballages dont tu es responsable, effectu\u00e9 les d\u00e9marches n\u00e9cessaires et conserv\u00e9 tes justificatifs.<\/p>\n\n\n\n<p style=\"margin-bottom:10px\">Voici <strong>les 4 principales situations<\/strong> auxquelles tu pourrais \u00eatre confront\u00e9\u00b7e :<\/p>\n\n\n\n<figure style=\"font-size:16px\" class=\"wp-block-table\"><table class=\"has-fixed-layout\"><thead><tr><th>Situation<\/th><th>Risque concret<\/th><\/tr><\/thead><tbody><tr><td><strong><strong>Tu es \u00ab producteur REP \u00bb mais tu n&rsquo;as pas fait les d\u00e9marches obligatoires<\/strong> <\/strong>(en France ou dans un autre pays UE)<\/td><td>R\u00e9gularisation + paiement des contributions dues + \u00e9ventuelles sanctions du pays concern\u00e9<\/td><\/tr><tr><td><strong>Tu as fait tes d\u00e9marches <strong><strong>REP<\/strong><\/strong> mais ta d\u00e9claration est incompl\u00e8te ou incorrecte<\/strong><\/td><td>Correction de la d\u00e9claration + paiement des contributions manquantes + \u00e9ventuelle p\u00e9nalit\u00e9<\/td><\/tr><tr><td><strong>Un emballage dont tu es responsable ne respecte pas les exigences du PPWR<\/strong><\/td><td>Mise en conformit\u00e9 demand\u00e9e ; dans certains cas, restriction ou interdiction de mise sur le march\u00e9<\/td><\/tr><tr><td><strong><strong>Lors d&rsquo;un contr\u00f4le, tu ne peux pas justifier le respect de tes obligations<\/strong><\/strong><\/td><td>Demande de documents, r\u00e9gularisation et \u00e9ventuelles sanctions<\/td><\/tr><\/tbody><\/table><\/figure>\n\n\n\n<p><strong>\ud83d\udca1 \u00c0 retenir :<\/strong> pour limiter les risques, je te conseille <strong>d&rsquo;identifier les emballages dont tu es responsable<\/strong>, de <strong>faire les d\u00e9marches REP n\u00e9cessaires<\/strong> dans les pays o\u00f9 tu es consid\u00e9r\u00e9\u00b7e \u00ab&nbsp;producteur&nbsp;\u00bb, de <strong>garder tes justificatifs<\/strong> et de <strong>tenir ton tableau de suivi \u00e0 jour<\/strong>.<\/p>\n\n\n\n<p class=\"has-text-align-center has-medium-font-size\">\u2042<\/p>\n\n\n\n<p style=\"margin-top:30px\"><strong>Te voil\u00e0 arriv\u00e9\u00b7e au bout de ce guide\u2026 franchement bravo ! <\/strong>\ud83d\udc4f\ud83d\ude0a<br>Une r\u00e9glementation de plus \u00e0 apprivoiser, et beaucoup d&rsquo;informations \u00e0 dig\u00e9rer\u2026 mais <strong>il y a aussi du positif<\/strong> : cette nouvelle r\u00e9glementation peut nous encourager \u00e0&nbsp;<strong>utiliser moins d\u2019emballages, mieux dimensionner nos colis, r\u00e9utiliser davantage les mat\u00e9riaux que nous avons d\u00e9j\u00e0 et, parfois, r\u00e9duire au passage nos co\u00fbts d\u2019emballage et d\u2019exp\u00e9dition<\/strong>&nbsp;\u2014 sans sacrifier la protection de nos c\u00e9ramiques !<br><br>J\u2019esp\u00e8re que ce guide t\u2019aura permis d\u2019y voir plus clair et de prendre les bons rep\u00e8res pour anticiper les changements qui concernent r\u00e9ellement ton atelier. \ud83d\ude4f\ud83c\udffd<br><strong>Garde-le sous la main et n\u2019h\u00e9site pas \u00e0 revenir y piocher les informations dont tu auras besoin.&nbsp;<\/strong><\/p>\n\n\n\n<hr class=\"wp-block-separator has-alpha-channel-opacity\" style=\"margin-top:50px;margin-bottom:50px\"\/>\n\n\n\n<div class=\"wp-block-uagb-advanced-heading uagb-block-7ed6a242\"><h2 class=\"uagb-heading-text\">Questions pratiques (FAQ)<\/h2><\/div>\n\n\n\n<div data-wp-context=\"{ &quot;autoclose&quot;: true, &quot;accordionItems&quot;: [] }\" data-wp-interactive=\"core\/accordion\" role=\"group\" class=\"wp-block-accordion is-layout-flow wp-block-accordion-is-layout-flow\">\n<div data-wp-class--is-open=\"state.isOpen\" data-wp-context=\"{ &quot;id&quot;: &quot;accordion-item-1&quot;, &quot;openByDefault&quot;: false }\" data-wp-init=\"callbacks.initAccordionItems\" data-wp-on-window--hashchange=\"callbacks.hashChange\" class=\"wp-block-accordion-item is-layout-flow wp-container-core-accordion-item-is-layout-ccccaba0 wp-block-accordion-item-is-layout-flow\" style=\"margin-bottom:30px\">\n<h3 class=\"wp-block-accordion-heading\"><button aria-expanded=\"false\" aria-controls=\"accordion-item-1-panel\" data-wp-bind--aria-expanded=\"state.isOpen\" data-wp-on--click=\"actions.toggle\" data-wp-on--keydown=\"actions.handleKeyDown\" id=\"accordion-item-1\" class=\"wp-block-accordion-heading__toggle\"><span class=\"wp-block-accordion-heading__toggle-title\">C&rsquo;\u00e9tait quoi la r\u00e9glementation avant le PPWR&nbsp;?<\/span><span class=\"wp-block-accordion-heading__toggle-icon\" aria-hidden=\"true\">+<\/span><\/button><\/h3>\n\n\n\n<div inert aria-labelledby=\"accordion-item-1\" data-wp-bind--inert=\"!state.isOpen\" id=\"accordion-item-1-panel\" role=\"region\" class=\"wp-block-accordion-panel is-layout-flow wp-block-accordion-panel-is-layout-flow\">\n<p><strong>La REP n\u2019a pas \u00e9t\u00e9 cr\u00e9\u00e9e par le PPWR.<\/strong> En France, une REP existe d\u00e9j\u00e0 depuis de nombreuses ann\u00e9es pour les emballages m\u00e9nagers.<\/p>\n\n\n\n<p>Les entreprises consid\u00e9r\u00e9es comme \u00ab producteurs \u00bb devaient donc d\u00e9j\u00e0 respecter certaines obligations&nbsp;: adh\u00e9rer \u00e0 un \u00e9co-organisme (par ex. Citeo, Adelphe ou L\u00e9ko), d\u00e9clarer certains emballages mis sur le march\u00e9 et payer une \u00e9co-contribution.<\/p>\n\n\n\n<p>En revanche, la REP n\u2019\u00e9tait pas encore g\u00e9n\u00e9ralis\u00e9e \u00e0 l\u2019ensemble des <strong>emballages professionnels<\/strong>. Sa mise en \u0153uvre op\u00e9rationnelle compl\u00e8te est pr\u00e9vue en France au <strong>1er janvier 2027<\/strong>. (<a href=\"https:\/\/filieres-rep.ademe.fr\/filieres-REP\/filiere-EPRO\" target=\"_blank\" rel=\"noreferrer noopener\">Fili\u00e8res REP<\/a>)<\/p>\n\n\n\n<p>Le PPWR <strong>harmonise d\u00e9sormais le cadre au niveau europ\u00e9en<\/strong> et pr\u00e9cise notamment qui est \u00ab&nbsp;fabricant&nbsp;\u00bb, qui est \u00ab&nbsp;producteur&nbsp;\u00bb REP et comment d\u00e9terminer dans quel \u00c9tat membre les obligations REP s\u2019appliquent.<\/p>\n<\/div>\n<\/div>\n<\/div>\n\n\n\n<div data-wp-context=\"{ &quot;autoclose&quot;: true, &quot;accordionItems&quot;: [] }\" data-wp-interactive=\"core\/accordion\" role=\"group\" class=\"wp-block-accordion is-layout-flow wp-container-core-accordion-is-layout-dc778769 wp-block-accordion-is-layout-flow\">\n<div data-wp-class--is-open=\"state.isOpen\" data-wp-context=\"{ &quot;id&quot;: &quot;accordion-item-2&quot;, &quot;openByDefault&quot;: false }\" data-wp-init=\"callbacks.initAccordionItems\" data-wp-on-window--hashchange=\"callbacks.hashChange\" class=\"wp-block-accordion-item is-layout-flow wp-container-core-accordion-item-is-layout-ccccaba0 wp-block-accordion-item-is-layout-flow\" style=\"margin-bottom:30px\">\n<h3 id=\"ppwr-emballage-conforme\" class=\"wp-block-accordion-heading\"><button aria-expanded=\"false\" aria-controls=\"accordion-item-2-panel\" data-wp-bind--aria-expanded=\"state.isOpen\" data-wp-on--click=\"actions.toggle\" data-wp-on--keydown=\"actions.handleKeyDown\" id=\"accordion-item-2\" class=\"wp-block-accordion-heading__toggle\"><span class=\"wp-block-accordion-heading__toggle-title\">C\u2019est quoi un emballage conforme au PPWR ?<\/span><span class=\"wp-block-accordion-heading__toggle-icon\" aria-hidden=\"true\">+<\/span><\/button><\/h3>\n\n\n\n<div inert aria-labelledby=\"accordion-item-2\" data-wp-bind--inert=\"!state.isOpen\" id=\"accordion-item-2-panel\" role=\"region\" class=\"wp-block-accordion-panel is-layout-flow wp-block-accordion-panel-is-layout-flow\">\n<p>Un <strong>emballage conforme au PPWR<\/strong> est un emballage qui <strong>respecte les exigences europ\u00e9ennes qui s\u2019appliquent \u00e0 sa cat\u00e9gorie<\/strong>.<\/p>\n\n\n\n<p>Concr\u00e8tement, il faudra notamment qu\u2019il soit :<\/p>\n\n\n\n<ul class=\"wp-block-list\">\n<li><strong>R\u00e9duit au poids et au volume minimum n\u00e9cessaires<\/strong>, sans emballage inutile, tout en prot\u00e9geant correctement la c\u00e9ramique. Le PPWR ne demande \u00e9videmment pas de r\u00e9duire la protection au point de provoquer de la casse.<\/li>\n\n\n\n<li><strong>Recyclable<\/strong>, selon les crit\u00e8res techniques europ\u00e9ens qui vont progressivement entrer en application.<\/li>\n\n\n\n<li><strong>Sans certaines substances dangereuses au-del\u00e0 des limites autoris\u00e9es<\/strong>.<\/li>\n\n\n\n<li><strong>Conforme aux limites d&rsquo;espace vide<\/strong> lorsqu&rsquo;elles s&rsquo;appliquent (notamment certaines exp\u00e9ditions e-commerce \u00e0 partir de 2030).<\/li>\n\n\n\n<li><strong>Correctement \u00e9tiquet\u00e9<\/strong>, lorsque les nouvelles r\u00e8gles harmonis\u00e9es d&rsquo;\u00e9tiquetage deviendront applicables.<\/li>\n\n\n\n<li><strong>Document\u00e9<\/strong> : la conformit\u00e9 doit pouvoir \u00eatre d\u00e9montr\u00e9e par l&rsquo;op\u00e9rateur qui en est juridiquement responsable.<\/li>\n<\/ul>\n\n\n\n<p>Pour ton atelier de c\u00e9ramique, un emballage conforme pourrait se traduire par exemple par :&nbsp;<\/p>\n\n\n\n<ul class=\"wp-block-list\">\n<li>un carton correctement dimensionn\u00e9,<\/li>\n\n\n\n<li>juste assez de papier\/carton de calage pour \u00e9viter la casse,<\/li>\n\n\n\n<li>des mat\u00e9riaux recyclables,<\/li>\n\n\n\n<li>la future \u00e9tiquette harmonis\u00e9e<\/li>\n<\/ul>\n\n\n\n<p>Attention ! <strong>\u00ab Conforme \u00bb ne veut pas dire obligatoirement neuf, ou \u201ctout-carton\u201d ou sans plastique.<\/strong> <br>Un <strong>carton r\u00e9cup\u00e9r\u00e9<\/strong> peut continuer \u00e0 \u00eatre utilis\u00e9 ; et le r\u00e8glement dit qu\u2019<strong>une protection suppl\u00e9mentaire reste justifi\u00e9e<\/strong> lorsqu&rsquo;elle est <strong>n\u00e9cessaire pour prot\u00e9ger une pi\u00e8ce fragile<\/strong>.<\/p>\n<\/div>\n<\/div>\n<\/div>\n\n\n\n<div data-wp-context=\"{ &quot;autoclose&quot;: true, &quot;accordionItems&quot;: [] }\" data-wp-interactive=\"core\/accordion\" role=\"group\" class=\"wp-block-accordion is-layout-flow wp-container-core-accordion-is-layout-dc778769 wp-block-accordion-is-layout-flow\">\n<div data-wp-class--is-open=\"state.isOpen\" data-wp-context=\"{ &quot;id&quot;: &quot;accordion-item-3&quot;, &quot;openByDefault&quot;: false }\" data-wp-init=\"callbacks.initAccordionItems\" data-wp-on-window--hashchange=\"callbacks.hashChange\" class=\"wp-block-accordion-item is-layout-flow wp-block-accordion-item-is-layout-flow\" style=\"margin-bottom:30px\">\n<h3 class=\"wp-block-accordion-heading\"><button aria-expanded=\"false\" aria-controls=\"accordion-item-3-panel\" data-wp-bind--aria-expanded=\"state.isOpen\" data-wp-on--click=\"actions.toggle\" data-wp-on--keydown=\"actions.handleKeyDown\" id=\"accordion-item-3\" class=\"wp-block-accordion-heading__toggle\"><span class=\"wp-block-accordion-heading__toggle-title\">Qui contacter pour d\u00e9terminer mon\/mes r\u00f4le(s) dans le PPWR&nbsp;?<\/span><span class=\"wp-block-accordion-heading__toggle-icon\" aria-hidden=\"true\">+<\/span><\/button><\/h3>\n\n\n\n<div inert aria-labelledby=\"accordion-item-3\" data-wp-bind--inert=\"!state.isOpen\" id=\"accordion-item-3-panel\" role=\"region\" class=\"wp-block-accordion-panel is-layout-flow wp-block-accordion-panel-is-layout-flow\">\n<p>Si tu as des doutes, tu peux contacter ces organismes pour en savoir plus. <br>Je te conseille de proc\u00e9der dans cet ordre :&nbsp;<\/p>\n\n\n\n<ol class=\"wp-block-list\">\n<li style=\"margin-top:0px;margin-right:0px;margin-bottom:5px;margin-left:0px\"><strong>Un \u00e9co-organisme REP emballages<\/strong>. Pour en savoir plus : <a href=\"#faq-interlocuteurs-rep-france\" type=\"internal\" id=\"#faq-interlocuteurs-rep-france\">FAQ &#8211; les interlocuteurs REP en France<\/a><\/li>\n\n\n\n<li style=\"margin-top:0px;margin-right:0px;margin-bottom:5px;margin-left:0px\"><strong>La CCI \/ Enterprise Europe Network (EEN)<\/strong> la plus proche de chez toi<\/li>\n\n\n\n<li style=\"margin-top:0px;margin-right:0px;margin-bottom:5px;margin-left:0px\"><strong>Un consultant sp\u00e9cialis\u00e9 \u201cPPWR \/ REP \/ emballages\u201d<\/strong><\/li>\n\n\n\n<li style=\"margin-top:0px;margin-right:0px;margin-bottom:5px;margin-left:0px\"><strong>Un avocat en droit de l&rsquo;environnement \/ droit des produits<\/strong> (en cas de difficult\u00e9s juridiques)<\/li>\n<\/ol>\n<\/div>\n<\/div>\n<\/div>\n\n\n\n<div data-wp-context=\"{ &quot;autoclose&quot;: true, &quot;accordionItems&quot;: [] }\" data-wp-interactive=\"core\/accordion\" role=\"group\" class=\"wp-block-accordion is-layout-flow wp-block-accordion-is-layout-flow\">\n<div data-wp-class--is-open=\"state.isOpen\" data-wp-context=\"{ &quot;id&quot;: &quot;accordion-item-4&quot;, &quot;openByDefault&quot;: false }\" data-wp-init=\"callbacks.initAccordionItems\" data-wp-on-window--hashchange=\"callbacks.hashChange\" class=\"wp-block-accordion-item is-layout-flow wp-block-accordion-item-is-layout-flow\" style=\"margin-bottom:30px\">\n<h3 id=\"producteur-rep\" class=\"wp-block-accordion-heading\"><button aria-expanded=\"false\" aria-controls=\"accordion-item-4-panel\" data-wp-bind--aria-expanded=\"state.isOpen\" data-wp-on--click=\"actions.toggle\" data-wp-on--keydown=\"actions.handleKeyDown\" id=\"accordion-item-4\" class=\"wp-block-accordion-heading__toggle\"><span class=\"wp-block-accordion-heading__toggle-title\">Dans quels cas suis-je \u00ab producteur \u00bb REP&nbsp;?<\/span><span class=\"wp-block-accordion-heading__toggle-icon\" aria-hidden=\"true\">+<\/span><\/button><\/h3>\n\n\n\n<div inert aria-labelledby=\"accordion-item-4\" data-wp-bind--inert=\"!state.isOpen\" id=\"accordion-item-4-panel\" role=\"region\" class=\"wp-block-accordion-panel is-layout-flow wp-block-accordion-panel-is-layout-flow\">\n<p>Je te pr\u00e9sente ici <strong>les principaux cas o\u00f9, en tant que c\u00e9ramiste, tu peux \u00eatre consid\u00e9r\u00e9\u00b7e comme \u00ab&nbsp;producteur&nbsp;\u00bb REP<\/strong>. C\u2019est uniquement pour les emballages pour lesquels tu es \u00ab&nbsp;producteur&nbsp;\u00bb REP que tu devras effectuer les d\u00e9marches correspondantes.<\/p>\n\n\n\n<p><img decoding=\"async\" class=\"flag-country\" src=\"https:\/\/le-bol.fr\/blog\/wp-content\/uploads\/2026\/09\/Flag_of_France.png\" alt=\"Drapeau France\"> <strong>J&rsquo;exp\u00e9die en France<\/strong><\/p>\n\n\n\n<ul class=\"wp-block-list\">\n<li><strong>Tu conditionnes ta c\u00e9ramique dans un emballage de vente<\/strong> <em>(par ex. une bo\u00eete\/coffret qui constitue l&#8217;emballage du produit vendu)<\/em>. <br>Pour bien comprendre la distinction : <a href=\"#emballage-vente-vs-transport\" type=\"internal\" id=\"#emballage-vente-vs-transport\">FAQ &#8211; emballage de vente VS emballage de transport<\/a>.<\/li>\n<\/ul>\n\n\n\n<ul class=\"wp-block-list\">\n<li><strong>Tu importes directement depuis un pays hors UE des emballages ou des produits emball\u00e9s que tu mets ensuite sur le march\u00e9 fran\u00e7ais<\/strong> : tu peux \u00eatre \u00ab&nbsp;producteur&nbsp;\u00bb REP selon le cas.<\/li>\n<\/ul>\n\n\n\n<p>\u00c0 l\u2019inverse, <strong>si tu ach\u00e8tes en France un carton vide servant uniquement au transport de ta commande, tu n\u2019en deviens pas \u00ab&nbsp;producteur&nbsp;\u00bb REP<\/strong> simplement parce que tu l\u2019utilises pour exp\u00e9dier tes c\u00e9ramiques en France.<\/p>\n\n\n\n<p>Si tu veux en savoir plus, je te conseille de contacter ton \u00e9co-organisme : <a href=\"#faq-interlocuteurs-rep-france\" type=\"internal\" id=\"#faq-interlocuteurs-rep-france\">FAQ &#8211; les interlocuteurs REP en France<\/a><\/p>\n\n\n\n<p><img decoding=\"async\" class=\"flag-country\" src=\"https:\/\/le-bol.fr\/blog\/wp-content\/uploads\/2026\/09\/Flag_of_Europe.png\" alt=\"Drapeau Europe\"> <strong><strong>J&rsquo;exp\u00e9die<\/strong> \u00e0 l&rsquo;\u00e9tranger dans l&rsquo;UE<\/strong><\/p>\n\n\n\n<ul class=\"wp-block-list\">\n<li><strong>Tu vends directement \u00e0 un utilisateur final<\/strong><\/li>\n<\/ul>\n\n\n\n<p>Par exemple : un particulier en Allemagne, un restaurant en Belgique qui utilise ta vaisselle, un h\u00f4tel aux Pays-Bas qui utilise tes tasses. Dans ce cas, <strong>c\u2019est toi qui es \u00ab&nbsp;producteur&nbsp;\u00bb <strong>REP<\/strong> dans le pays de destination.<\/strong><\/p>\n\n\n\n<p>Tu dois donc respecter les r\u00e8gles REP de ce pays : inscription\/enregistrement, d\u00e9claration des emballages concern\u00e9s et contribution selon les modalit\u00e9s nationales. Une entreprise peut aussi \u00eatre un \u00ab utilisateur final \u00bb si elle utilise elle-m\u00eame tes produits et ne les revend pas sous la forme re\u00e7ue.<\/p>\n\n\n\n<ul class=\"wp-block-list\">\n<li><strong>Tu vends \u00e0 une boutique ou \u00e0 un distributeur qui va revendre tes c\u00e9ramiques<\/strong><\/li>\n<\/ul>\n\n\n\n<p>Par exemple : tu exp\u00e9dies depuis la France 20 mugs \u00e0 une boutique allemande qui les revend \u00e0 ses clients. <strong>Dans ce cas, le revendeur dans le pays de destination est le <strong>\u00ab&nbsp;producteur&nbsp;\u00bb <strong>REP<\/strong><\/strong><\/strong>, puisqu\u2019il est celui qui met les produits emball\u00e9s \u00e0 disposition pour la premi\u00e8re fois sur ce march\u00e9.<\/p>\n\n\n\n<p>\u26a0\ufe0f <strong>Pour rappel, <a href=\"#regles-rep\" type=\"internal\" id=\"#regles-rep\">il n\u2019existe pas une <strong>REP<\/strong> unique<\/a> valable dans toute l\u2019UE.<\/strong> Si tu es <strong>\u00ab&nbsp;producteur&nbsp;\u00bb <strong>REP<\/strong><\/strong> dans plusieurs \u00c9tats membres, les d\u00e9marches doivent \u00eatre effectu\u00e9es <strong>dans chacun des pays concern\u00e9s<\/strong>.<\/p>\n<\/div>\n<\/div>\n<\/div>\n\n\n\n<div data-wp-context=\"{ &quot;autoclose&quot;: true, &quot;accordionItems&quot;: [] }\" data-wp-interactive=\"core\/accordion\" role=\"group\" class=\"wp-block-accordion is-layout-flow wp-block-accordion-is-layout-flow\">\n<div data-wp-class--is-open=\"state.isOpen\" data-wp-context=\"{ &quot;id&quot;: &quot;accordion-item-5&quot;, &quot;openByDefault&quot;: false }\" data-wp-init=\"callbacks.initAccordionItems\" data-wp-on-window--hashchange=\"callbacks.hashChange\" class=\"wp-block-accordion-item is-layout-flow wp-block-accordion-item-is-layout-flow\" style=\"margin-bottom:30px\">\n<h3 class=\"wp-block-accordion-heading\"><button aria-expanded=\"false\" aria-controls=\"accordion-item-5-panel\" data-wp-bind--aria-expanded=\"state.isOpen\" data-wp-on--click=\"actions.toggle\" data-wp-on--keydown=\"actions.handleKeyDown\" id=\"accordion-item-5\" class=\"wp-block-accordion-heading__toggle\"><span class=\"wp-block-accordion-heading__toggle-title\">Le seuil des 10 tonnes, qu\u2019est-ce que \u00e7a change pour mon atelier&nbsp;?<\/span><span class=\"wp-block-accordion-heading__toggle-icon\" aria-hidden=\"true\">+<\/span><\/button><\/h3>\n\n\n\n<div inert aria-labelledby=\"accordion-item-5\" data-wp-bind--inert=\"!state.isOpen\" id=\"accordion-item-5-panel\" role=\"region\" class=\"wp-block-accordion-panel is-layout-flow wp-block-accordion-panel-is-layout-flow\">\n<p>Le PPWR pr\u00e9voit <strong>une d\u00e9claration (ou reporting) simplifi\u00e9e lorsque le producteur met moins de 10 tonnes d\u2019emballages sur le march\u00e9 d\u2019un \u00c9tat membre pendant une ann\u00e9e civile<\/strong>.<\/p>\n\n\n\n<p>\ud83d\udca1 <strong>Le seuil s&rsquo;entend donc pays par pays<\/strong>, et non sur l\u2019ensemble de tes ventes dans l\u2019UE.<\/p>\n\n\n\n<p>Attention ! <strong>moins de 10 tonnes ne veut pas dire que tu es exempt\u00e9\u00b7e de REP et que tu n\u2019as rien \u00e0 faire !<\/strong> <br>Si tu es \u00ab&nbsp;producteur&nbsp;\u00bb REP dans le pays concern\u00e9, tu peux toujours devoir t\u2019enregistrer, suivre tes emballages, effectuer une d\u00e9claration et payer une contribution.<\/p>\n\n\n\n<p>Pour conna\u00eetre exactement les informations \u00e0 d\u00e9clarer, suis les modalit\u00e9s du registre ou de l\u2019organisme REP du pays concern\u00e9.<\/p>\n<\/div>\n<\/div>\n<\/div>\n\n\n\n<div data-wp-context=\"{ &quot;autoclose&quot;: true, &quot;accordionItems&quot;: [] }\" data-wp-interactive=\"core\/accordion\" role=\"group\" class=\"wp-block-accordion is-layout-flow wp-block-accordion-is-layout-flow\">\n<div data-wp-class--is-open=\"state.isOpen\" data-wp-context=\"{ &quot;id&quot;: &quot;accordion-item-6&quot;, &quot;openByDefault&quot;: false }\" data-wp-init=\"callbacks.initAccordionItems\" data-wp-on-window--hashchange=\"callbacks.hashChange\" class=\"wp-block-accordion-item is-layout-flow wp-block-accordion-item-is-layout-flow\" style=\"margin-bottom:30px\">\n<h3 id=\"ppwr-emballages-recuperation\" class=\"wp-block-accordion-heading\"><button aria-expanded=\"false\" aria-controls=\"accordion-item-6-panel\" data-wp-bind--aria-expanded=\"state.isOpen\" data-wp-on--click=\"actions.toggle\" data-wp-on--keydown=\"actions.handleKeyDown\" id=\"accordion-item-6\" class=\"wp-block-accordion-heading__toggle\"><span class=\"wp-block-accordion-heading__toggle-title\">Si je r\u00e9cup\u00e8re des emballages (cartons, papier bulle, calages\u2026) est-ce que je peux les r\u00e9utiliser ?<\/span><span class=\"wp-block-accordion-heading__toggle-icon\" aria-hidden=\"true\">+<\/span><\/button><\/h3>\n\n\n\n<div inert aria-labelledby=\"accordion-item-6\" data-wp-bind--inert=\"!state.isOpen\" id=\"accordion-item-6-panel\" role=\"region\" class=\"wp-block-accordion-panel is-layout-flow wp-block-accordion-panel-is-layout-flow\">\n<p><strong>Oui, bien s\u00fbr ! Tu peux continuer \u00e0 les r\u00e9utiliser.<\/strong> V\u00e9rifie surtout qu&rsquo;ils sont propres, solides et adapt\u00e9s \u00e0 la protection de tes c\u00e9ramiques.<\/p>\n\n\n\n<p>Attention : un carton ordinaire utilis\u00e9 une deuxi\u00e8me fois ne devient pas pour autant un \u00ab&nbsp;emballage r\u00e9utilisable&nbsp;\u00bb au sens juridique du PPWR.<\/p>\n\n\n\n<p class=\"has-text-align-left has-medium-font-size\"><strong>Carton r\u00e9cup\u00e9r\u00e9 ne veut pas dire exon\u00e9ration de REP<\/strong><\/p>\n\n\n\n<p>Effectivement, <strong>il peut y avoir de la REP \u00e0 payer<\/strong>, m\u00eame si le carton est r\u00e9cup\u00e9r\u00e9 et utilis\u00e9 une 2<sup>\u00e8me<\/sup> fois.<\/p>\n\n\n\n<p>Il faut regarder <strong>son utilisation et sa destination<\/strong>, comme pour un carton neuf. <br>Par exemple, si tu utilises un carton r\u00e9cup\u00e9r\u00e9 pour exp\u00e9dier directement une commande \u00e0 un utilisateur final en Allemagne, alors tu es \u00ab&nbsp;producteur&nbsp;\u00bb REP en Allemagne pour cet emballage.<\/p>\n<\/div>\n<\/div>\n<\/div>\n\n\n\n<div data-wp-context=\"{ &quot;autoclose&quot;: true, &quot;accordionItems&quot;: [] }\" data-wp-interactive=\"core\/accordion\" role=\"group\" class=\"wp-block-accordion is-layout-flow wp-block-accordion-is-layout-flow\">\n<div data-wp-class--is-open=\"state.isOpen\" data-wp-context=\"{ &quot;id&quot;: &quot;accordion-item-7&quot;, &quot;openByDefault&quot;: false }\" data-wp-init=\"callbacks.initAccordionItems\" data-wp-on-window--hashchange=\"callbacks.hashChange\" class=\"wp-block-accordion-item is-layout-flow wp-block-accordion-item-is-layout-flow\" style=\"margin-bottom:30px\">\n<h3 id=\"ppwr-etiquette-harmonisee\" class=\"wp-block-accordion-heading\"><button aria-expanded=\"false\" aria-controls=\"accordion-item-7-panel\" data-wp-bind--aria-expanded=\"state.isOpen\" data-wp-on--click=\"actions.toggle\" data-wp-on--keydown=\"actions.handleKeyDown\" id=\"accordion-item-7\" class=\"wp-block-accordion-heading__toggle\"><span class=\"wp-block-accordion-heading__toggle-title\">\u00c9tiquette harmonis\u00e9e europ\u00e9enne : que sait-on aujourd\u2019hui ?<\/span><span class=\"wp-block-accordion-heading__toggle-icon\" aria-hidden=\"true\">+<\/span><\/button><\/h3>\n\n\n\n<div inert aria-labelledby=\"accordion-item-7\" data-wp-bind--inert=\"!state.isOpen\" id=\"accordion-item-7-panel\" role=\"region\" class=\"wp-block-accordion-panel is-layout-flow wp-block-accordion-panel-is-layout-flow\">\n<p>L\u2019<strong>\u00e9tiquette harmonis\u00e9e PPWR<\/strong> est destin\u00e9e \u00e0 devenir une sorte de <strong>\u00ab langage commun europ\u00e9en du tri \u00bb<\/strong> sur les emballages. Mais attention : il ne faut pas la confondre avec l\u2019actuel <strong>Triman + Info-tri fran\u00e7ais<\/strong>.<\/p>\n\n\n\n<figure class=\"wp-block-image aligncenter size-medium is-resized\"><img loading=\"lazy\" decoding=\"async\" width=\"300\" height=\"124\" src=\"https:\/\/le-bol.fr\/blog\/wp-content\/uploads\/2026\/08\/info-tri-300x124.png\" alt=\"Logo Triman + info-tri fran\u00e7ais\" class=\"wp-image-16597\" style=\"width:300px;height:auto\" srcset=\"https:\/\/le-bol.fr\/blog\/wp-content\/uploads\/2026\/08\/info-tri-300x124.png 300w, https:\/\/le-bol.fr\/blog\/wp-content\/uploads\/2026\/08\/info-tri-768x318.png 768w, https:\/\/le-bol.fr\/blog\/wp-content\/uploads\/2026\/08\/info-tri.png 792w\" sizes=\"(max-width: 300px) 100vw, 300px\" \/><figcaption class=\"wp-element-caption\"><em><sub>Logo Triman + info-tri fran\u00e7ais<\/sub><\/em><\/figcaption><\/figure>\n\n\n\n<p>Le PPWR pr\u00e9voit une \u00e9tiquette :<\/p>\n\n\n\n<ul class=\"wp-block-list\">\n<li>bas\u00e9e principalement sur des <strong>pictogrammes<\/strong> ;<\/li>\n\n\n\n<li>indiquant la <strong>composition mat\u00e9rielle de l\u2019emballage<\/strong> ;<\/li>\n\n\n\n<li>facilement compr\u00e9hensible dans toute l\u2019UE, y compris pour les personnes handicap\u00e9es ;<\/li>\n\n\n\n<li>coordonn\u00e9e avec des pictogrammes correspondants sur les <strong>conteneurs de collecte<\/strong>, afin que le consommateur puisse associer facilement emballage et bonne poubelle. (<a href=\"https:\/\/eur-lex.europa.eu\/legal-content\/FR\/TXT\/?qid=1775059140932&amp;uri=CELEX%3A02025R0040-20250122\" target=\"_blank\" rel=\"noreferrer noopener\">Eur-Lex<\/a>)<\/li>\n<\/ul>\n\n\n\n<p>Par exemple : pour un c\u00e9ramiste exp\u00e9diant une pi\u00e8ce dans un carton avec papier de soie, carton ondul\u00e9, calage papier&#8230; <strong>l\u2019\u00e9tiquetage harmonis\u00e9 devra permettre d\u2019identifier correctement les mat\u00e9riaux concern\u00e9s et de faciliter leur tri.<\/strong><\/p>\n\n\n\n<p class=\"has-medium-font-size\"><strong>Concr\u00e8tement, que faut-il mettre sur son carton ?<\/strong><\/p>\n\n\n\n<p><strong>1. L&rsquo;\u00e9tiquette harmonis\u00e9e de tri\/composition<br><\/strong>Elle sera <strong>visible physiquement sur l&#8217;emballage<\/strong> et servira \u00e0 identifier les mat\u00e9riaux et \u00e0 aider au tri. <\/p>\n\n\n\n<p><strong>2. L&rsquo;indication REP (facultatif)<br><\/strong>Le PPWR permet \u00e9galement d&rsquo;indiquer qu&rsquo;un emballage rel\u00e8ve d&rsquo;un r\u00e9gime REP et que le \u00ab&nbsp;producteur&nbsp;\u00bb respecte ses obligations. <strong>Cette identification est facultative et doit \u00eatre num\u00e9rique<\/strong>, via un QR code ou une autre technologie de marquage num\u00e9rique ouverte et normalis\u00e9e. (<a href=\"https:\/\/eur-lex.europa.eu\/legal-content\/FR\/TXT\/?qid=1746442900073&amp;uri=CELEX%3A32025R0040\" target=\"_blank\" rel=\"noreferrer noopener\">article 12 \u00a79 &#8211; Eur-Lex<\/a>)<\/p>\n\n\n\n<p class=\"has-medium-font-size\"><strong>Est-ce que l&rsquo;\u00e9tiquette harmonis\u00e9e est d\u00e9j\u00e0 obligatoire aujourd\u2019hui ?<\/strong><\/p>\n\n\n\n<p><strong>Non, pas encore.<\/strong> Le PPWR pr\u00e9voit que l\u2019\u00e9tiquetage harmonis\u00e9 des emballages deviendra obligatoire <strong>\u00e0 partir du 12 ao\u00fbt 2028 ou 24 mois apr\u00e8s l\u2019entr\u00e9e en vigueur des actes d\u2019ex\u00e9cution<\/strong> (si cette seconde date est plus tardive). (<a href=\"https:\/\/eur-lex.europa.eu\/legal-content\/FR\/ALL\/?uri=CELEX%3A52026XC03084\" target=\"_blank\" rel=\"noreferrer noopener\">Eur-Lex<\/a>)<\/p>\n\n\n\n<p>C\u2019est donc une obligation \u00e0 <strong>anticiper<\/strong>, mais tu n&rsquo;as pas \u00e0 refaire imm\u00e9diatement tous tes cartons pour y mettre cette nouvelle \u00e9tiquette.<\/p>\n\n\n\n<p class=\"has-medium-font-size\"><strong>Quelles informations mettre sur l&rsquo;\u00e9tiquette ?<\/strong><\/p>\n\n\n\n<p>C&rsquo;est <strong>la Commission europ\u00e9enne<\/strong> qui fixera le mod\u00e8le : pictogrammes, formats et r\u00e8gles d&rsquo;utilisation. Mais pour l&rsquo;instant elle n&rsquo;a pas encore statu\u00e9 sur ce point.<\/p>\n\n\n\n<p>Donc, aujourd&rsquo;hui, le bon r\u00e9flexe est <strong>d&rsquo;anticiper, mais pas d&rsquo;imprimer toi-m\u00eame une \u00ab\u00a0\u00e9tiquette PPWR\u00a0\u00bb approximative<\/strong>.<\/p>\n\n\n\n<p class=\"has-medium-font-size\"><strong>Comment apposer cette \u00e9tiquette ?<\/strong><\/p>\n\n\n\n<p><strong>Les modalit\u00e9s pr\u00e9cises doivent encore \u00eatre d\u00e9finies au niveau europ\u00e9en<\/strong>. Selon les solutions autoris\u00e9es, le marquage pourra par exemple \u00eatre int\u00e9gr\u00e9 \u00e0 l\u2019emballage ou ajout\u00e9 par une \u00e9tiquette.<\/p>\n\n\n\n<p><strong>Pour l\u2019instant, n\u2019imprime rien : attends le mod\u00e8le et les r\u00e8gles officielles.<\/strong><\/p>\n\n\n\n<p class=\"has-medium-font-size\"><strong>Et si le contenu du colis change ?<\/strong><\/p>\n\n\n\n<p>L&rsquo;\u00e9tiquette doit renseigner sur la <strong>composition des \u00e9l\u00e9ments d&#8217;emballage<\/strong>, pas sur les c\u00e9ramiques contenues dans le colis. <\/p>\n\n\n\n<p>Si la composition mat\u00e9rielle de ton emballage change, <strong>le marquage devra naturellement rester conforme \u00e0 sa composition r\u00e9elle<\/strong> selon les modalit\u00e9s qui seront fix\u00e9es au niveau europ\u00e9en.<\/p>\n\n\n\n<p><strong>Pour gagner du temps<\/strong>, je te recommande de <strong>te cr\u00e9er 2, 3 ou 4 \u00ab\u00a0emballages types\u00a0\u00bb<\/strong> avec les configurations de mat\u00e9riaux que tu utilises le plus souvent.<\/p>\n<\/div>\n<\/div>\n<\/div>\n\n\n\n<div data-wp-context=\"{ &quot;autoclose&quot;: true, &quot;accordionItems&quot;: [] }\" data-wp-interactive=\"core\/accordion\" role=\"group\" class=\"wp-block-accordion is-layout-flow wp-block-accordion-is-layout-flow\">\n<div data-wp-class--is-open=\"state.isOpen\" data-wp-context=\"{ &quot;id&quot;: &quot;accordion-item-8&quot;, &quot;openByDefault&quot;: false }\" data-wp-init=\"callbacks.initAccordionItems\" data-wp-on-window--hashchange=\"callbacks.hashChange\" class=\"wp-block-accordion-item is-layout-flow wp-block-accordion-item-is-layout-flow\" style=\"margin-bottom:30px\">\n<h3 id=\"ppwr-ratio-espace-vide\" class=\"wp-block-accordion-heading\"><button aria-expanded=\"false\" aria-controls=\"accordion-item-8-panel\" data-wp-bind--aria-expanded=\"state.isOpen\" data-wp-on--click=\"actions.toggle\" data-wp-on--keydown=\"actions.handleKeyDown\" id=\"accordion-item-8\" class=\"wp-block-accordion-heading__toggle\"><span class=\"wp-block-accordion-heading__toggle-title\">Mon carton d&rsquo;exp\u00e9dition peut-il \u00eatre trop grand (le ratio d&rsquo;espace vide) ?<\/span><span class=\"wp-block-accordion-heading__toggle-icon\" aria-hidden=\"true\">+<\/span><\/button><\/h3>\n\n\n\n<div inert aria-labelledby=\"accordion-item-8\" data-wp-bind--inert=\"!state.isOpen\" id=\"accordion-item-8-panel\" role=\"region\" class=\"wp-block-accordion-panel is-layout-flow wp-block-accordion-panel-is-layout-flow\">\n<p><strong>Oui.<\/strong> \u00c0 partir de 2030, pour les emballages concern\u00e9s, notamment les colis utilis\u00e9s pour les ventes en ligne\/\u00e0 distance, le PPWR fixe un <strong>ratio maximal d&rsquo;espace vide de 50 %<\/strong>.<\/p>\n\n\n\n<p>\u26a0\ufe0f Attention : le <strong>papier froiss\u00e9, papier d\u00e9coup\u00e9, papier bulle, coussins d&rsquo;air, mousse, laine de bois, polystyr\u00e8ne&#8230; utilis\u00e9s comme calage sont compt\u00e9s comme de l&rsquo;espace vide<\/strong> pour ce calcul.<\/p>\n\n\n\n<p>Pour tes c\u00e9ramiques, cela ne signifie pas qu&rsquo;il faut supprimer les protections n\u00e9cessaires. Le PPWR reconna\u00eet la <strong>protection du produit<\/strong> comme un crit\u00e8re \u00e0 prendre en compte (<a href=\"#ppwr-protection-contre-casse\">voir &#8211; protection contre la casse<\/a>). L&rsquo;objectif est d&rsquo;\u00e9viter un carton inutilement grand par rapport \u00e0 son contenu.<\/p>\n\n\n\n<p><strong>Et pas besoin de calculer ce ratio aujourd&rsquo;hui<\/strong> : la m\u00e9thode europ\u00e9enne pr\u00e9cise de calcul doit encore \u00eatre fix\u00e9e. En attendant, tu peux simplement privil\u00e9gier progressivement des cartons adapt\u00e9s \u00e0 la taille de tes pi\u00e8ces.<\/p>\n<\/div>\n<\/div>\n<\/div>\n\n\n\n<div data-wp-context=\"{ &quot;autoclose&quot;: true, &quot;accordionItems&quot;: [] }\" data-wp-interactive=\"core\/accordion\" role=\"group\" class=\"wp-block-accordion is-layout-flow wp-block-accordion-is-layout-flow\">\n<div data-wp-class--is-open=\"state.isOpen\" data-wp-context=\"{ &quot;id&quot;: &quot;accordion-item-9&quot;, &quot;openByDefault&quot;: false }\" data-wp-init=\"callbacks.initAccordionItems\" data-wp-on-window--hashchange=\"callbacks.hashChange\" class=\"wp-block-accordion-item is-layout-flow wp-block-accordion-item-is-layout-flow\" style=\"margin-bottom:30px\">\n<h3 class=\"wp-block-accordion-heading\"><button aria-expanded=\"false\" aria-controls=\"accordion-item-9-panel\" data-wp-bind--aria-expanded=\"state.isOpen\" data-wp-on--click=\"actions.toggle\" data-wp-on--keydown=\"actions.handleKeyDown\" id=\"accordion-item-9\" class=\"wp-block-accordion-heading__toggle\"><span class=\"wp-block-accordion-heading__toggle-title\">J\u2019ai d\u00e9j\u00e0 fait mes d\u00e9marches REP dans un pays \u00e9tranger : dois-je tout refaire pour chaque nouveau client dans ce m\u00eame pays&nbsp;?<\/span><span class=\"wp-block-accordion-heading__toggle-icon\" aria-hidden=\"true\">+<\/span><\/button><\/h3>\n\n\n\n<div inert aria-labelledby=\"accordion-item-9\" data-wp-bind--inert=\"!state.isOpen\" id=\"accordion-item-9-panel\" role=\"region\" class=\"wp-block-accordion-panel is-layout-flow wp-block-accordion-panel-is-layout-flow\">\n<p>Non, heureusement <strong>tu ne recommences pas toutes les d\u00e9marches \u00e0 chaque client<\/strong>. Ton inscription REP concerne <strong>ton activit\u00e9<\/strong> dans le pays, et pas chaque client.<\/p>\n\n\n\n<p>En revanche, le fait d\u2019\u00eatre d\u00e9j\u00e0 inscrit\u00b7e sur le registre du pays ne te dispense pas de <strong>payer la contribution REP<\/strong>. Elle est calcul\u00e9e en fonction de ta d\u00e9claration, selon les r\u00e8gles et le calendrier du pays ou de l\u2019organisme REP.<\/p>\n\n\n\n<p>En pratique :<\/p>\n\n\n\n<ul class=\"wp-block-list\">\n<li>\u00e0 chaque exp\u00e9dition, tu comptabilises les emballages concern\u00e9s ; <\/li>\n\n\n\n<li>\u00e0 l\u2019\u00e9ch\u00e9ance pr\u00e9vue, tu d\u00e9clares les quantit\u00e9s totales mises sur le march\u00e9 ; <\/li>\n\n\n\n<li>tu paies la contribution correspondante selon les r\u00e8gles du pays.<\/li>\n<\/ul>\n\n\n\n<div class=\"wp-block-group alignfull is-layout-flow wp-block-group-is-layout-flow\" style=\"border-width:1px;margin-top:20px;margin-bottom:20px;padding-top:10px;padding-right:10px;padding-bottom:10px;padding-left:10px\">\n<p class=\"has-text-align-center has-medium-font-size\"><strong>Pour r\u00e9sumer <\/strong><\/p>\n\n\n\n<p class=\"has-text-align-center\"><strong>Premi\u00e8re vente dans un pays = mise en conformit\u00e9 REP<br>Ventes suivantes = suivi des quantit\u00e9s<\/strong><\/p>\n<\/div>\n<\/div>\n<\/div>\n<\/div>\n\n\n\n<div data-wp-context=\"{ &quot;autoclose&quot;: true, &quot;accordionItems&quot;: [] }\" data-wp-interactive=\"core\/accordion\" role=\"group\" class=\"wp-block-accordion is-layout-flow wp-block-accordion-is-layout-flow\">\n<div data-wp-class--is-open=\"state.isOpen\" data-wp-context=\"{ &quot;id&quot;: &quot;accordion-item-10&quot;, &quot;openByDefault&quot;: false }\" data-wp-init=\"callbacks.initAccordionItems\" data-wp-on-window--hashchange=\"callbacks.hashChange\" class=\"wp-block-accordion-item is-layout-flow wp-block-accordion-item-is-layout-flow\" style=\"margin-bottom:30px\">\n<h3 id=\"emballage-vente-vs-transport\" class=\"wp-block-accordion-heading\"><button aria-expanded=\"false\" aria-controls=\"accordion-item-10-panel\" data-wp-bind--aria-expanded=\"state.isOpen\" data-wp-on--click=\"actions.toggle\" data-wp-on--keydown=\"actions.handleKeyDown\" id=\"accordion-item-10\" class=\"wp-block-accordion-heading__toggle\"><span class=\"wp-block-accordion-heading__toggle-title\"><img decoding=\"async\" class=\"flag-country\" src=\"https:\/\/le-bol.fr\/blog\/wp-content\/uploads\/2026\/09\/Flag_of_France.png\" alt=\"Drapeau France\"> Comment faire la distinction entre un emballage de vente et un emballage de transport&nbsp;?<\/span><span class=\"wp-block-accordion-heading__toggle-icon\" aria-hidden=\"true\">+<\/span><\/button><\/h3>\n\n\n\n<div inert aria-labelledby=\"accordion-item-10\" data-wp-bind--inert=\"!state.isOpen\" id=\"accordion-item-10-panel\" role=\"region\" class=\"wp-block-accordion-panel is-layout-flow wp-block-accordion-panel-is-layout-flow\">\n<p>Le PPWR d\u00e9finit l&rsquo;<strong>emballage de vente<\/strong> comme celui con\u00e7u pour constituer, avec le produit, <strong>l&rsquo;unit\u00e9 de vente remise \u00e0 l&rsquo;utilisateur final<\/strong>. \u00c0 l&rsquo;inverse, l&rsquo;<strong>emballage de transport<\/strong> sert \u00e0 <strong>la manipulation et au transport<\/strong> pour \u00e9viter les dommages. (<a href=\"https:\/\/eur-lex.europa.eu\/eli\/reg\/2025\/40\/oj\/fra\" target=\"_blank\" rel=\"noreferrer noopener\">Eur-Lex<\/a>)<\/p>\n\n\n\n<p class=\"has-medium-font-size\"><strong>Emballage de vente<\/strong><\/p>\n\n\n\n<p>Concr\u00e8tement, c&rsquo;est un emballage qui <strong>fait partie de la pr\u00e9sentation du produit tel qu&rsquo;il est vendu au client<\/strong>.<br>Je te propose quelques exemples :<\/p>\n\n\n\n<ul class=\"wp-block-list\">\n<li>une tasse vendue dans sa <strong>bo\u00eete individuelle<\/strong> ;<\/li>\n\n\n\n<li>un vase vendu dans un <strong>coffret de pr\u00e9sentation<\/strong> ;<\/li>\n\n\n\n<li>un service de 4 bols vendu dans une <strong>bo\u00eete con\u00e7ue pour ce lot<\/strong>.<\/li>\n<\/ul>\n\n\n\n<p>Dans ces cas, <strong>la c\u00e9ramique + sa bo\u00eete, ou son coffret, constituent ensemble \u00ab le produit emball\u00e9 \u00bb que tu commercialises<\/strong>.<br><img decoding=\"async\" class=\"flag-country\" src=\"https:\/\/le-bol.fr\/blog\/wp-content\/uploads\/2026\/09\/Flag_of_France.png\" alt=\"Drapeau France\"> En tant que c\u00e9ramiste qui conditionne le produit, <strong>tu es donc \u00ab producteur \u00bb REP en France de cet emballage de vente<\/strong> et tu dois le prendre en compte dans ta REP fran\u00e7aise, pour une exp\u00e9dition en France.<\/p>\n\n\n\n<p class=\"has-text-align-center\"><strong>Attention ! Ne pas confondre l&#8217;emballage de vente<\/strong> avec l&rsquo;<strong>emballage utilis\u00e9 pour exp\u00e9dier la commande<\/strong>.<\/p>\n\n\n\n<p class=\"has-medium-font-size\"><strong>Emballage de transport<\/strong><\/p>\n\n\n\n<p>Tu vends une tasse sans bo\u00eete particuli\u00e8re. Pour l&rsquo;envoyer, tu la prot\u00e8ges et tu la places dans un <strong>carton d&rsquo;exp\u00e9dition<\/strong>. Ce carton sert \u00e0 <strong>prot\u00e9ger la commande pendant son transport<\/strong> : c&rsquo;est <strong>un emballage de transport<\/strong>, pas l&#8217;emballage de vente de la tasse.<\/p>\n\n\n\n<p><img decoding=\"async\" class=\"flag-country\" src=\"https:\/\/le-bol.fr\/blog\/wp-content\/uploads\/2026\/09\/Flag_of_France.png\" alt=\"Drapeau France\"> Si tu as achet\u00e9 ce carton vide aupr\u00e8s d&rsquo;un fournisseur fran\u00e7ais, <strong>tu n&rsquo;es pas le <strong>\u00ab producteur \u00bb<\/strong> REP<\/strong> de ce carton simplement parce que tu l&rsquo;utilises pour exp\u00e9dier ta commande.<\/p>\n<\/div>\n<\/div>\n<\/div>\n\n\n\n<div data-wp-context=\"{ &quot;autoclose&quot;: true, &quot;accordionItems&quot;: [] }\" data-wp-interactive=\"core\/accordion\" role=\"group\" class=\"wp-block-accordion is-layout-flow wp-block-accordion-is-layout-flow\">\n<div data-wp-class--is-open=\"state.isOpen\" data-wp-context=\"{ &quot;id&quot;: &quot;accordion-item-11&quot;, &quot;openByDefault&quot;: false }\" data-wp-init=\"callbacks.initAccordionItems\" data-wp-on-window--hashchange=\"callbacks.hashChange\" class=\"wp-block-accordion-item is-layout-flow wp-block-accordion-item-is-layout-flow\" style=\"margin-bottom:30px\">\n<h3 id=\"faq-emballage-menager-vs-professionnel\" class=\"wp-block-accordion-heading\"><button aria-expanded=\"false\" aria-controls=\"accordion-item-11-panel\" data-wp-bind--aria-expanded=\"state.isOpen\" data-wp-on--click=\"actions.toggle\" data-wp-on--keydown=\"actions.handleKeyDown\" id=\"accordion-item-11\" class=\"wp-block-accordion-heading__toggle\"><span class=\"wp-block-accordion-heading__toggle-title\"><img decoding=\"async\" class=\"flag-country\" src=\"https:\/\/le-bol.fr\/blog\/wp-content\/uploads\/2026\/09\/Flag_of_France.png\" alt=\"Drapeau France\"> Emballage m\u00e9nager ou emballage professionnel : de quelle fili\u00e8re REP je d\u00e9pends&nbsp;?<\/span><span class=\"wp-block-accordion-heading__toggle-icon\" aria-hidden=\"true\">+<\/span><\/button><\/h3>\n\n\n\n<div inert aria-labelledby=\"accordion-item-11\" data-wp-bind--inert=\"!state.isOpen\" id=\"accordion-item-11-panel\" role=\"region\" class=\"wp-block-accordion-panel is-layout-flow wp-block-accordion-panel-is-layout-flow\">\n<p class=\"has-text-align-center\"><strong>Attention : il ne faut pas raisonner \u00ab&nbsp;B2C = m\u00e9nager&nbsp;\u00bb et \u00ab&nbsp;B2B = professionnel&nbsp;\u00bb.<\/strong><\/p>\n\n\n\n<p>En France, la fili\u00e8re d\u00e9pend notamment <strong>du type d\u2019emballage, de son utilisation et de la destination du produit<\/strong>. Par exemple :<\/p>\n\n\n\n<ul class=\"wp-block-list\">\n<li>un <strong>emballage de service<\/strong> rempli au point de vente rel\u00e8ve de la <strong>fili\u00e8re des emballages m\u00e9nagers <\/strong>;<\/li>\n\n\n\n<li>un <strong>emballage de transport<\/strong> rel\u00e8ve en principe des <strong>emballages professionnels<\/strong> ;<\/li>\n\n\n\n<li>mais un emballage de transport utilis\u00e9 pour une <strong>vente en ligne destin\u00e9e \u00e0 un client particulier<\/strong> rel\u00e8ve des <strong>emballages m\u00e9nagers<\/strong> ;<\/li>\n\n\n\n<li>un <strong>emballage de vente<\/strong> d\u2019un produit con\u00e7u exclusivement pour un usage professionnel peut relever des <strong>emballages professionnels<\/strong>.<\/li>\n<\/ul>\n\n\n\n<p>Il faut donc distinguer deux questions :<\/p>\n\n\n\n<ol class=\"wp-block-list\">\n<li><strong>De quelle fili\u00e8re rel\u00e8ve l&#8217;emballage : m\u00e9nag\u00e8re ou professionnelle ?<\/strong><\/li>\n\n\n\n<li><strong>Est-ce que TOI, tu es le \u00ab producteur \u00bb REP de cet emballage ?<\/strong><\/li>\n<\/ol>\n\n\n\n<p>Un emballage peut \u00eatre class\u00e9 comme \u00ab&nbsp;professionnel&nbsp;\u00bb <strong>sans que ce soit toi qui aies \u00e0 le d\u00e9clarer<\/strong>.<\/p>\n\n\n\n<p><strong>Pour rappel :<\/strong> la mise en \u0153uvre de la REP des emballages professionnels en France est pr\u00e9vue normalement au <strong>1er janvier 2027<\/strong>. (<a href=\"https:\/\/filieres-rep.ademe.fr\/filieres-REP\/filiere-EPRO\" target=\"_blank\" rel=\"noreferrer noopener\">Fili\u00e8res REP<\/a>) Il est donc important si tu es concern\u00e9\u00b7e, d&rsquo;anticiper tes obligations en adh\u00e9rant \u00e0 un \u00e9co-organisme <strong>avant le 31 d\u00e9cembre 2026<\/strong>. (<a href=\"#faq-interlocuteurs-rep-france\" type=\"internal\" id=\"#faq-interlocuteurs-rep-france\">FAQ &#8211; interlocuteurs REP France<\/a>)<\/p>\n<\/div>\n<\/div>\n<\/div>\n\n\n\n<div data-wp-context=\"{ &quot;autoclose&quot;: true, &quot;accordionItems&quot;: [] }\" data-wp-interactive=\"core\/accordion\" role=\"group\" class=\"wp-block-accordion is-layout-flow wp-block-accordion-is-layout-flow\">\n<div data-wp-class--is-open=\"state.isOpen\" data-wp-context=\"{ &quot;id&quot;: &quot;accordion-item-12&quot;, &quot;openByDefault&quot;: false }\" data-wp-init=\"callbacks.initAccordionItems\" data-wp-on-window--hashchange=\"callbacks.hashChange\" class=\"wp-block-accordion-item is-layout-flow wp-block-accordion-item-is-layout-flow\" style=\"margin-bottom:30px\">\n<h3 class=\"wp-block-accordion-heading\"><button aria-expanded=\"false\" aria-controls=\"accordion-item-12-panel\" data-wp-bind--aria-expanded=\"state.isOpen\" data-wp-on--click=\"actions.toggle\" data-wp-on--keydown=\"actions.handleKeyDown\" id=\"accordion-item-12\" class=\"wp-block-accordion-heading__toggle\"><span class=\"wp-block-accordion-heading__toggle-title\"><img decoding=\"async\" class=\"flag-country\" src=\"https:\/\/le-bol.fr\/blog\/wp-content\/uploads\/2026\/09\/Flag_of_France.png\" alt=\"Drapeau France\"> Si je vends en physique (boutique, march\u00e9, salon) est-ce que je dois d\u00e9clarer la REP en France&nbsp;?<\/span><span class=\"wp-block-accordion-heading__toggle-icon\" aria-hidden=\"true\">+<\/span><\/button><\/h3>\n\n\n\n<div inert aria-labelledby=\"accordion-item-12\" data-wp-bind--inert=\"!state.isOpen\" id=\"accordion-item-12-panel\" role=\"region\" class=\"wp-block-accordion-panel is-layout-flow wp-block-accordion-panel-is-layout-flow\">\n<p>Que ce soit dans ta boutique, sur un march\u00e9 ou lors d&rsquo;un salon, le fait d&#8217;emballer une pi\u00e8ce au moment de la vente ne signifie pas que tu dois d\u00e9clarer cet emballage \u00e0 la REP.<\/p>\n\n\n\n<p>Si tu ach\u00e8tes en France des <strong>sachets kraft ou du papier d&#8217;emballage<\/strong>, puis tu les utilises pour emballer les pi\u00e8ces vendues : alors <strong>NON, tu ne d\u00e9clares pas ces emballages dans ta REP fran\u00e7aise.<\/strong><br>Pour ces <strong>emballages de service<\/strong>, la REP est prise en charge en amont par l&rsquo;entreprise qui les a fabriqu\u00e9s, import\u00e9s ou distribu\u00e9s et mis sur le march\u00e9 fran\u00e7ais.<\/p>\n\n\n\n<p><strong>\ud83d\udca1 \u00c0 retenir : <\/strong>tu ach\u00e8tes un emballage vide en France et <strong>tu le remplis au moment de la vente<\/strong> =&gt; ce n&rsquo;est pas toi qui d\u00e9clares cet emballage \u00e0 la REP.<\/p>\n\n\n\n<h4 class=\"wp-block-heading\">Mais alors, qu&rsquo;est-ce que je d\u00e9clare \u00e0 la REP&nbsp;?<\/h4>\n\n\n\n<p><strong>Dans ce cas pr\u00e9cis : rien \u00e0 d\u00e9clarer pour ces sachets ou emballages de service achet\u00e9s vides en France. <\/strong>Tu n&rsquo;as pas \u00e0 faire une d\u00e9claration REP simplement parce que tu utilises des emballages pour vendre tes c\u00e9ramiques.<\/p>\n\n\n\n<p><strong>Par exemple :<\/strong> tu ach\u00e8tes 100 sachets kraft aupr\u00e8s d&rsquo;un fournisseur fran\u00e7ais et tu les utilises sur tes march\u00e9s =&gt; <strong>tu ne comptabilises pas ces 100 sachets dans ta d\u00e9claration REP.<\/strong><\/p>\n<\/div>\n<\/div>\n<\/div>\n\n\n\n<div data-wp-context=\"{ &quot;autoclose&quot;: true, &quot;accordionItems&quot;: [] }\" data-wp-interactive=\"core\/accordion\" role=\"group\" class=\"wp-block-accordion is-layout-flow wp-block-accordion-is-layout-flow\">\n<div data-wp-class--is-open=\"state.isOpen\" data-wp-context=\"{ &quot;id&quot;: &quot;accordion-item-13&quot;, &quot;openByDefault&quot;: false }\" data-wp-init=\"callbacks.initAccordionItems\" data-wp-on-window--hashchange=\"callbacks.hashChange\" class=\"wp-block-accordion-item is-layout-flow wp-block-accordion-item-is-layout-flow\" style=\"margin-bottom:30px\">\n<h3 class=\"wp-block-accordion-heading\"><button aria-expanded=\"false\" aria-controls=\"accordion-item-13-panel\" data-wp-bind--aria-expanded=\"state.isOpen\" data-wp-on--click=\"actions.toggle\" data-wp-on--keydown=\"actions.handleKeyDown\" id=\"accordion-item-13\" class=\"wp-block-accordion-heading__toggle\"><span class=\"wp-block-accordion-heading__toggle-title\"><img decoding=\"async\" class=\"flag-country\" src=\"https:\/\/le-bol.fr\/blog\/wp-content\/uploads\/2026\/09\/Flag_of_France.png\" alt=\"Drapeau France\"> D\u00e9claration de la REP en France : qui est concern\u00e9, quand et quoi d\u00e9clarer&nbsp;?<\/span><span class=\"wp-block-accordion-heading__toggle-icon\" aria-hidden=\"true\">+<\/span><\/button><\/h3>\n\n\n\n<div inert aria-labelledby=\"accordion-item-13\" data-wp-bind--inert=\"!state.isOpen\" id=\"accordion-item-13-panel\" role=\"region\" class=\"wp-block-accordion-panel is-layout-flow wp-block-accordion-panel-is-layout-flow\">\n<p class=\"has-background\" style=\"background-color:#ece3d2;padding-top:20px;padding-right:50px;padding-bottom:20px;padding-left:50px\"><strong>Cette partie concerne uniquement tes obligations REP en France, dans le cas o\u00f9 tu es consid\u00e9r\u00e9\u00b7e comme \u00ab&nbsp;producteur&nbsp;\u00bb <\/strong>(voir la <a href=\"#producteur-rep\" type=\"internal\" id=\"#producteur-rep\">FAQ &#8211; les cas o\u00f9 je suis \u00ab producteur \u00bb REP<\/a>). <br>Si tu exp\u00e9dies tes pi\u00e8ces dans un autre pays, tu dois suivre les modalit\u00e9s et le calendrier de d\u00e9claration pr\u00e9vus dans ce pays.<\/p>\n\n\n\n<p class=\"has-medium-font-size\"><strong>Est-ce que je dois d\u00e9clarer ce que j\u2019ai achet\u00e9 pour toute l&rsquo;ann\u00e9e ou pr\u00e9cis\u00e9ment ce que j\u2019ai utilis\u00e9&nbsp;?<\/strong><\/p>\n\n\n\n<p><strong>Dans le cas o\u00f9 tu es \u00ab producteur \u00bb REP<\/strong>, <strong>oui<\/strong> : il faut d\u00e9clarer <strong>ce qui a r\u00e9ellement \u00e9t\u00e9 mis sur le march\u00e9 pendant l\u2019ann\u00e9e<\/strong>, pas simplement ce qui a \u00e9t\u00e9 achet\u00e9.<\/p>\n\n\n\n<p>Par exemple<strong>: <\/strong>tu ach\u00e8tes <strong>500 bo\u00eetes de vente en 2027<\/strong>, mais tu n\u2019en utilises que <strong>300 cette ann\u00e9e-l\u00e0<\/strong> =&gt; alors ce sont <strong>les 300 mises sur le march\u00e9 en 2027 qui entrent dans ton suivi de cette ann\u00e9e<\/strong>.<br>Tu ne comptes \u00e9videmment que les emballages dont tu es toi-m\u00eame \u00ab&nbsp;producteur&nbsp;\u00bb REP.<\/p>\n\n\n\n<p class=\"has-text-align-center\">&#8212;-<\/p>\n\n\n\n<p>Si tu es \u00ab producteur \u00bb REP en France, tu dois <strong>d\u00e9clarer les emballages<\/strong> dont tu es responsable <strong>dans la fili\u00e8re correspondante<\/strong> : emballages m\u00e9nagers ou emballages professionnels. Pour en savoir plus : <a href=\"#faq-emballage-menager-vs-professionnel\" type=\"internal\" id=\"#faq-emballage-menager-vs-professionnel\">FAQ &#8211; emballages m\u00e9nagers VS emballages professionnels<\/a><\/p>\n\n\n\n<p>La REP des emballages m\u00e9nagers existe d\u00e9j\u00e0 ; la nouvelle REP des emballages professionnels sera op\u00e9rationnelle \u00e0 partir du <strong>1er janvier 2027<\/strong>.<\/p>\n\n\n\n<p class=\"has-medium-font-size\"><strong>Est-ce qu&rsquo;il y a une date obligatoire pour faire sa d\u00e9claration&nbsp;?<\/strong><\/p>\n\n\n\n<p>Pendant l\u2019ann\u00e9e, je te conseille de <strong>suivre tes emballages et noter ce que tu mets sur le march\u00e9<\/strong>. <br>En fin d\u2019ann\u00e9e, <strong>tu fais le total<\/strong>.<\/p>\n\n\n\n<p>Ensuite, g\u00e9n\u00e9ralement <strong>en d\u00e9but d\u2019ann\u00e9e suivante<\/strong>, tu devras <strong>faire ta d\u00e9claration annuelle <\/strong>aupr\u00e8s de ton \u00e9co-organisme (date \u00e0 v\u00e9rifier aupr\u00e8s d\u2019eux). Pour en savoir plus : <a href=\"#faq-interlocuteurs-rep-france\" type=\"internal\" id=\"#faq-interlocuteurs-rep-france\">FAQ &#8211; Les interlocuteurs REP en France<\/a><br><br>Par exemple : tu mets des emballages sur le march\u00e9 <strong>en 2027<\/strong> =&gt; alors tu dois <strong>faire ta d\u00e9claration <\/strong>en d\u00e9but d\u2019ann\u00e9e 2028 (selon le calendrier de l\u2019\u00e9co-organisme).<\/p>\n\n\n\n<p>\u26a0\ufe0f <strong>Si tu exp\u00e9dies aussi \u00e0 l&rsquo;\u00e9tranger :<\/strong> tiens ton suivi <strong>s\u00e9par\u00e9ment pour chaque pays<\/strong>, car les d\u00e9marches, les dates de d\u00e9claration et les modalit\u00e9s de paiement peuvent \u00eatre diff\u00e9rentes.<\/p>\n<\/div>\n<\/div>\n<\/div>\n\n\n\n<div data-wp-context=\"{ &quot;autoclose&quot;: true, &quot;accordionItems&quot;: [] }\" data-wp-interactive=\"core\/accordion\" role=\"group\" class=\"wp-block-accordion is-layout-flow wp-block-accordion-is-layout-flow\">\n<div data-wp-class--is-open=\"state.isOpen\" data-wp-context=\"{ &quot;id&quot;: &quot;accordion-item-14&quot;, &quot;openByDefault&quot;: false }\" data-wp-init=\"callbacks.initAccordionItems\" data-wp-on-window--hashchange=\"callbacks.hashChange\" class=\"wp-block-accordion-item is-layout-flow wp-block-accordion-item-is-layout-flow\" style=\"margin-bottom:30px\">\n<h3 id=\"faq-interlocuteurs-rep-france\" class=\"wp-block-accordion-heading\"><button aria-expanded=\"false\" aria-controls=\"accordion-item-14-panel\" data-wp-bind--aria-expanded=\"state.isOpen\" data-wp-on--click=\"actions.toggle\" data-wp-on--keydown=\"actions.handleKeyDown\" id=\"accordion-item-14\" class=\"wp-block-accordion-heading__toggle\"><span class=\"wp-block-accordion-heading__toggle-title\"><img decoding=\"async\" class=\"flag-country\" src=\"https:\/\/le-bol.fr\/blog\/wp-content\/uploads\/2026\/09\/Flag_of_France.png\" alt=\"Drapeau France\"> Qui sont les interlocuteurs des fili\u00e8res REP en France&nbsp;?<\/span><span class=\"wp-block-accordion-heading__toggle-icon\" aria-hidden=\"true\">+<\/span><\/button><\/h3>\n\n\n\n<div inert aria-labelledby=\"accordion-item-14\" data-wp-bind--inert=\"!state.isOpen\" id=\"accordion-item-14-panel\" role=\"region\" class=\"wp-block-accordion-panel is-layout-flow wp-block-accordion-panel-is-layout-flow\">\n<p>Une fois que tu as d\u00e9termin\u00e9 de quelle fili\u00e8re tu d\u00e9pends, voici les \u00e9co-organismes agr\u00e9\u00e9s par l\u2019\u00c9tat selon les diff\u00e9rentes fili\u00e8res :&nbsp;<\/p>\n\n\n\n<h4 class=\"wp-block-heading\">Emballages m\u00e9nagers<\/h4>\n\n\n\n<p>A ce jour, <strong>il existe 3 \u00e9co-organismes<\/strong> agr\u00e9\u00e9s (<a href=\"https:\/\/www.adelphe.fr\/\" target=\"_blank\" rel=\"noreferrer noopener\">Adelphe<\/a>, <a href=\"https:\/\/www.citeo.com\/\" target=\"_blank\" rel=\"noreferrer noopener\">Citeo<\/a> et <a href=\"https:\/\/www.leko-organisme.fr\/\" target=\"_blank\" rel=\"noreferrer noopener\">L\u00e9ko<\/a>) pour la <a href=\"https:\/\/filieres-rep.ademe.fr\/filieres-REP\/filiere-EMPAP\" target=\"_blank\" rel=\"noreferrer noopener\"><strong>fili\u00e8re emballages m\u00e9nagers<\/strong><\/a>.<\/p>\n\n\n\n<h4 class=\"wp-block-heading\">Emballages professionnels<\/h4>\n\n\n\n<p>Le 5 juin 2026, <strong>3 \u00e9co-organismes<\/strong> ont \u00e9t\u00e9 agr\u00e9\u00e9s (<a href=\"https:\/\/www.twiice.org\/\" target=\"_blank\" rel=\"noreferrer noopener\">Twiice<\/a>, <a href=\"https:\/\/www.leko-organisme.fr\/la-rep-des-emballages-professionnels\/\" target=\"_blank\" rel=\"noreferrer noopener\">Leko Pro<\/a> et <a href=\"https:\/\/www.citeopro.com\/\" target=\"_blank\" rel=\"noreferrer noopener\">Citeo Pro<\/a>) pour d\u00e9ployer la <a href=\"https:\/\/filieres-rep.ademe.fr\/filieres-REP\/filiere-EPRO\" target=\"_blank\" rel=\"noreferrer noopener\"><strong>fili\u00e8re des emballages professionnels<\/strong><\/a>.<\/p>\n\n\n\n<p>La mise en \u0153uvre concernant les emballages professionnels est pr\u00e9vue au <strong>1er janvier 2027. <\/strong>Donc si tu es concern\u00e9\u00b7e, pense \u00e0 anticiper tes obligations en adh\u00e9rant \u00e0 un \u00e9co-organisme <strong>avant le 31 d\u00e9cembre 2026<\/strong>.<\/p>\n<\/div>\n<\/div>\n<\/div>\n","protected":false},"excerpt":{"rendered":"<p>Tu as peut-\u00eatre entendu parler r\u00e9cemment d\u2019une nouvelle r\u00e9glementation europ\u00e9enne sur les emballages, le PPWR, et l\u00e0, les questions ont commenc\u00e9 \u00e0 se bousculer&nbsp;:&nbsp;Est-ce que je suis concern\u00e9\u00b7e en tant que c\u00e9ramiste&nbsp;? Qu\u2019est-ce que je dois changer&nbsp;? Est-ce que \u00e7a va me co\u00fbter plus cher&nbsp;? Et si je vends \u00e0 l\u2019\u00e9tranger&nbsp;? Je t\u2019ai pr\u00e9par\u00e9 un guide complet et pratique pour t\u2019aider \u00e0 y voir plus clair et comprendre ce qui change concr\u00e8tement pour ton atelier de c\u00e9ramique, notamment si tu emballes et exp\u00e9dies tes pi\u00e8ces en France ou \u00e0 l\u2019\u00e9tranger. A NOTER : Cet article refl\u00e8te, au jour de sa publication, l\u2019\u00e9tat de la r\u00e9glementation telle que je l\u2019ai comprise. Il ne saurait \u00eatre exhaustif, tant la masse d\u2019informations est grande et complexe. Cet article ne peut donc engager ni ma responsabilit\u00e9 personnelle, ni celle du Bol. Il est important de se renseigner aupr\u00e8s des autorit\u00e9s comp\u00e9tentes avant de prendre une d\u00e9cision qui impacterait ton entreprise. Tu souhaites lancer ou am\u00e9liorer le fonctionnement de ton entreprise c\u00e9ramique&nbsp;?D\u00e9couvre la formation en ligne : Cr\u00e9er un atelier de c\u00e9ramique rentable qui te donnera toutes les cl\u00e9s pour aller plus loin ! L&rsquo;essentiel \u00e0 savoir sur le PPWR et l&rsquo;EPR Qu\u2019est-ce que le PPWR, le nouveau r\u00e8glement europ\u00e9en sur les emballages&nbsp;? Le PPWR (Packaging and Packaging Waste Regulation, ou REDE &#8211; R\u00e8glement sur les Emballages et D\u00e9chets d\u2019Emballages en fran\u00e7ais) est un nouveau r\u00e8glement europ\u00e9en relatif aux emballages et aux d\u00e9chets d\u2019emballages, qui devient applicable \u00e0 partir du 12 ao\u00fbt 2026. Il concerne tous les emballages mis en service sur le march\u00e9 de l\u2019UE, quels que soient leurs mat\u00e9riaux (carton, papier, plastique, verre, bois, m\u00e9tal, textile&#8230;). Pour en savoir plus, tu peux aller consulter les textes officiels :&nbsp;Texte officiel du r\u00e8glement PPWR \u2014 EUR-LexFAQ officielle PPWR \u2014 Office des publications de l\u2019UE Point important : Attention, la FAQ officielle PPWR sert \u00e0 expliquer l\u2019application du r\u00e8glement, mais elle ne le remplace pas. Certaines modalit\u00e9s techniques doivent encore \u00eatre pr\u00e9cis\u00e9es par la Commission. Seul le texte officiel du r\u00e8glement fait foi et est juridiquement contraignant. Quels sont les objectifs du PPWR&nbsp;? Le PPWR remplace la directive emballage de 1994, r\u00e9vis\u00e9e en 2018, qui \u00e9tait devenue obsol\u00e8te. Son but est d\u2019harmoniser les r\u00e8gles entre tous les \u00c9tats membres de l\u2019UE. Son objectif est de r\u00e9duire l\u2019impact environnemental des emballages sur l\u2019ensemble de leur cycle de vie, notamment en : Qu\u2019est-ce que l\u2019EPR ou REP (Responsabilit\u00e9 \u00c9largie du Producteur)&nbsp;? La deuxi\u00e8me notion \u00e0 retenir c\u2019est l\u2019EPR &#8211; Extended Producer Responsibility ou Responsabilit\u00e9 \u00c9largie du Producteur (REP) en fran\u00e7ais. Elle repose sur le principe du \u00ab pollueur-payeur \u00bb, c\u2019est-\u00e0-dire que le \u00ab producteur \u00bb finance la gestion de ses d\u00e9chets d&#8217;emballages. Dans le cadre du PPWR, le r\u00e8glement dit que le \u00ab&nbsp;producteur&nbsp;\u00bb est responsable des emballages qu\u2019il met pour la 1\u00e8re fois en circulation sur le territoire europ\u00e9en. Il doit contribuer financi\u00e8rement \u00e0 la gestion de cet emballage (gestion qui peut diff\u00e9rer selon le pays) lors de sa fin de vie, lorsqu\u2019il deviendra un d\u00e9chet : collecte, tri, traitement, recyclage, information\u2026 (EUR-Lex) En r\u00e9sum\u00e9 Existe-t-il une \u00ab REP europ\u00e9enne unique \u00bb&nbsp;? Malheureusement non. Le PPWR harmonise le cadre europ\u00e9en, mais les d\u00e9marches REP restent organis\u00e9es pays par pays : registre, organisme REP, d\u00e9claration, contribution\u2026 Par exemple, si tu es \u00ab producteur \u00bb REP en Allemagne, en Belgique et en Espagne, tu devras respecter les r\u00e8gles REP de chacun de ces pays.Une REP enregistr\u00e9e en France ne te couvre donc pas automatiquement dans les autres \u00c9tats membres. &#8212;- Selon l&rsquo;article 44, chaque \u00c9tat membre doit disposer d\u2019un registre des producteurs. Si tu es consid\u00e9r\u00e9\u00b7e comme \u00ab producteur \u00bb REP dans plusieurs \u00c9tats membres, tu devras donc effectuer les d\u00e9marches REP n\u00e9cessaires dans chacun des pays concern\u00e9s. Mandataire REP &#8211; \u00e0 surveiller Le PPWR pr\u00e9voit actuellement la d\u00e9signation d\u2019un mandataire REP dans certaines ventes directes \u00e0 des utilisateurs finaux situ\u00e9s dans un autre \u00c9tat membre. La Commission a toutefois propos\u00e9 de suspendre cette obligation jusqu\u2019au 1er janvier 2035 pour les producteurs situ\u00e9s dans l\u2019UE. Cette modification doit encore \u00eatre d\u00e9finitivement adopt\u00e9e. \u26a0\ufe0f Attention ! une \u00e9ventuelle suspension du mandataire ne suspend pas les obligations REP dans le pays de destination. Ce qui me concerne en tant que c\u00e9ramiste Quels emballages de mon atelier sont vis\u00e9s par le PPWR ? Dans le cas d\u2019un atelier c\u00e9ramique qui emballe et exp\u00e9die des pi\u00e8ces en France ou \u00e0 l\u2019\u00e9tranger, le nouveau r\u00e8glement pourra par exemple concerner les emballages suivants, quel que soit leur mat\u00e9riau : On verra dans ce tableau r\u00e9capitulatif qu\u2019en fonction des r\u00f4les qui nous seront attribu\u00e9s dans le cadre du PPWR, nos obligations seront diff\u00e9rentes. La protection contre la casse, un crit\u00e8re l\u00e9gitime C&rsquo;est une bonne nouvelle pour les c\u00e9ramistes : le PPWR pr\u00e9voit de r\u00e9duire le poids et le volume des emballages au minimum n\u00e9cessaire, mais il tient compte de la n\u00e9cessit\u00e9 de prot\u00e9ger les produits fragiles. \ud83d\udca1 Le principe \u00e0 retenir : utiliser un emballage aussi l\u00e9ger et compact que possible, tout en conservant les protections n\u00e9cessaires pour que la c\u00e9ramique arrive intacte. Donc, si tu as besoin de papier froiss\u00e9, papier bulle, plusieurs couches de carton, d\u2019une double bo\u00eete ou d\u2019un espace de protection autour de la pi\u00e8ce, tu n\u2019es pas oblig\u00e9\u00b7e de supprimer ces protections simplement pour r\u00e9duire ton colis. \u00c0 partir de 2030, certains emballages, notamment les colis utilis\u00e9s pour les ventes en ligne ou \u00e0 distance, seront \u00e9galement soumis \u00e0 une limite de 50 % d\u2019espace vide. (FAQ &#8211; ratio espace vide) R\u00e9sum\u00e9 des diff\u00e9rents r\u00f4les du PPWR et de leurs obligations Terme PPWR Traduction en langage simple Exemple pour un\u00b7e c\u00e9ramiste fran\u00e7ais\u00b7e Responsabilit\u00e9 principale Fabricant (manufacturer) Celui qui est juridiquement responsable de la conformit\u00e9 de l\u2019emballage L\u2019atelier qui fait concevoir\/fabriquer un coffret sous sa marque peut \u00eatre fabricant (sauf en micro-entreprise) Conformit\u00e9 PPWR : durabilit\u00e9, recyclabilit\u00e9, substances, minimisation, \u00e9tiquetage, etc. Producteur (producer) Celui qui est juridiquement responsable de la REP dans un pays donn\u00e9 L&rsquo;atelier qui vend ses c\u00e9ramiques emball\u00e9es en France peut \u00eatre producteur en France Enregistrer la REP, d\u00e9clarer,<\/p>\n","protected":false},"author":15,"featured_media":16665,"comment_status":"open","ping_status":"open","sticky":false,"template":"","format":"standard","meta":{"_uag_custom_page_level_css":"","_lmt_disableupdate":"","_lmt_disable":"","footnotes":""},"categories":[41],"tags":[],"class_list":["post-16593","post","type-post","status-publish","format-standard","has-post-thumbnail","hentry","category-formation-metier-ceramiste"],"yoast_head":"<!-- This site is optimized with the Yoast SEO plugin v26.8 - https:\/\/yoast.com\/product\/yoast-seo-wordpress\/ -->\n<title>Nouveau r\u00e8glement europ\u00e9en sur les emballages (PPWR) : le guide complet &#8211; LE BLOG DU BOL<\/title>\n<meta name=\"description\" content=\"Un guide complet et pratique pour les c\u00e9ramistes sur le nouveau r\u00e8glement europ\u00e9en en mati\u00e8re d&#039;emballages (PPWR).\" \/>\n<meta name=\"robots\" content=\"index, follow, max-snippet:-1, max-image-preview:large, max-video-preview:-1\" \/>\n<link rel=\"canonical\" href=\"https:\/\/le-bol.fr\/blog\/reglement-europeen-emballages-ppwr\/\" \/>\n<meta property=\"og:locale\" content=\"fr_FR\" \/>\n<meta property=\"og:type\" content=\"article\" \/>\n<meta property=\"og:title\" content=\"Nouveau r\u00e8glement europ\u00e9en sur les emballages (PPWR) : le guide complet &#8211; LE BLOG DU BOL\" \/>\n<meta property=\"og:description\" content=\"Un guide complet et pratique pour les c\u00e9ramistes sur le nouveau r\u00e8glement europ\u00e9en en mati\u00e8re d&#039;emballages (PPWR).\" \/>\n<meta property=\"og:url\" content=\"https:\/\/le-bol.fr\/blog\/reglement-europeen-emballages-ppwr\/\" \/>\n<meta property=\"og:site_name\" content=\"LE BLOG DU BOL\" \/>\n<meta property=\"article:published_time\" content=\"2026-09-01T16:55:35+00:00\" \/>\n<meta property=\"article:modified_time\" content=\"2026-09-02T19:16:18+00:00\" \/>\n<meta property=\"og:image\" content=\"https:\/\/le-bol.fr\/blog\/wp-content\/uploads\/2026\/08\/pexels-mart-production-7679676.jpg\" \/>\n\t<meta property=\"og:image:width\" content=\"1000\" \/>\n\t<meta property=\"og:image:height\" content=\"667\" \/>\n\t<meta property=\"og:image:type\" content=\"image\/jpeg\" \/>\n<meta name=\"author\" content=\"H\u00e9l\u00e8ne :)\" \/>\n<meta name=\"twitter:card\" content=\"summary_large_image\" \/>\n<meta name=\"twitter:label1\" content=\"\u00c9crit par\" \/>\n\t<meta name=\"twitter:data1\" content=\"H\u00e9l\u00e8ne :)\" \/>\n\t<meta name=\"twitter:label2\" content=\"Dur\u00e9e de lecture estim\u00e9e\" \/>\n\t<meta name=\"twitter:data2\" content=\"46 minutes\" \/>\n<script type=\"application\/ld+json\" class=\"yoast-schema-graph\">{\"@context\":\"https:\/\/schema.org\",\"@graph\":[{\"@type\":\"Article\",\"@id\":\"https:\/\/le-bol.fr\/blog\/reglement-europeen-emballages-ppwr\/#article\",\"isPartOf\":{\"@id\":\"https:\/\/le-bol.fr\/blog\/reglement-europeen-emballages-ppwr\/\"},\"author\":{\"name\":\"H\u00e9l\u00e8ne :)\",\"@id\":\"https:\/\/le-bol.fr\/blog\/#\/schema\/person\/cc6708c58e091950ad01ce7188af9c8c\"},\"headline\":\"Nouveau r\u00e8glement europ\u00e9en sur les emballages (PPWR) : le guide complet\",\"datePublished\":\"2026-09-01T16:55:35+00:00\",\"dateModified\":\"2026-09-02T19:16:18+00:00\",\"mainEntityOfPage\":{\"@id\":\"https:\/\/le-bol.fr\/blog\/reglement-europeen-emballages-ppwr\/\"},\"wordCount\":8568,\"commentCount\":0,\"publisher\":{\"@id\":\"https:\/\/le-bol.fr\/blog\/#\/schema\/person\/cec6a4af61408f0dc6d97d58e0334d9b\"},\"image\":{\"@id\":\"https:\/\/le-bol.fr\/blog\/reglement-europeen-emballages-ppwr\/#primaryimage\"},\"thumbnailUrl\":\"https:\/\/le-bol.fr\/blog\/wp-content\/uploads\/2026\/08\/pexels-mart-production-7679676.jpg\",\"articleSection\":[\"Formation &amp; M\u00e9tier\"],\"inLanguage\":\"fr-FR\",\"potentialAction\":[{\"@type\":\"CommentAction\",\"name\":\"Comment\",\"target\":[\"https:\/\/le-bol.fr\/blog\/reglement-europeen-emballages-ppwr\/#respond\"]}]},{\"@type\":\"WebPage\",\"@id\":\"https:\/\/le-bol.fr\/blog\/reglement-europeen-emballages-ppwr\/\",\"url\":\"https:\/\/le-bol.fr\/blog\/reglement-europeen-emballages-ppwr\/\",\"name\":\"Nouveau r\u00e8glement europ\u00e9en sur les emballages (PPWR) : le guide complet &#8211; LE BLOG DU BOL\",\"isPartOf\":{\"@id\":\"https:\/\/le-bol.fr\/blog\/#website\"},\"primaryImageOfPage\":{\"@id\":\"https:\/\/le-bol.fr\/blog\/reglement-europeen-emballages-ppwr\/#primaryimage\"},\"image\":{\"@id\":\"https:\/\/le-bol.fr\/blog\/reglement-europeen-emballages-ppwr\/#primaryimage\"},\"thumbnailUrl\":\"https:\/\/le-bol.fr\/blog\/wp-content\/uploads\/2026\/08\/pexels-mart-production-7679676.jpg\",\"datePublished\":\"2026-09-01T16:55:35+00:00\",\"dateModified\":\"2026-09-02T19:16:18+00:00\",\"description\":\"Un guide complet et pratique pour les c\u00e9ramistes sur le nouveau r\u00e8glement europ\u00e9en en mati\u00e8re d'emballages (PPWR).\",\"breadcrumb\":{\"@id\":\"https:\/\/le-bol.fr\/blog\/reglement-europeen-emballages-ppwr\/#breadcrumb\"},\"inLanguage\":\"fr-FR\",\"potentialAction\":[{\"@type\":\"ReadAction\",\"target\":[\"https:\/\/le-bol.fr\/blog\/reglement-europeen-emballages-ppwr\/\"]}]},{\"@type\":\"ImageObject\",\"inLanguage\":\"fr-FR\",\"@id\":\"https:\/\/le-bol.fr\/blog\/reglement-europeen-emballages-ppwr\/#primaryimage\",\"url\":\"https:\/\/le-bol.fr\/blog\/wp-content\/uploads\/2026\/08\/pexels-mart-production-7679676.jpg\",\"contentUrl\":\"https:\/\/le-bol.fr\/blog\/wp-content\/uploads\/2026\/08\/pexels-mart-production-7679676.jpg\",\"width\":1000,\"height\":667,\"caption\":\"Une personne en train d'emballer deux tasses en c\u00e9ramique dans un carton d'emballage contenant des mat\u00e9riaux de protection.\"},{\"@type\":\"BreadcrumbList\",\"@id\":\"https:\/\/le-bol.fr\/blog\/reglement-europeen-emballages-ppwr\/#breadcrumb\",\"itemListElement\":[{\"@type\":\"ListItem\",\"position\":1,\"name\":\"Accueil\",\"item\":\"https:\/\/le-bol.fr\/blog\/\"},{\"@type\":\"ListItem\",\"position\":2,\"name\":\"Nouveau r\u00e8glement europ\u00e9en sur les emballages (PPWR) : le guide complet\"}]},{\"@type\":\"WebSite\",\"@id\":\"https:\/\/le-bol.fr\/blog\/#website\",\"url\":\"https:\/\/le-bol.fr\/blog\/\",\"name\":\"LE BLOG DU BOL\",\"description\":\"Donne vie \u00e0 la terre\",\"publisher\":{\"@id\":\"https:\/\/le-bol.fr\/blog\/#\/schema\/person\/cec6a4af61408f0dc6d97d58e0334d9b\"},\"potentialAction\":[{\"@type\":\"SearchAction\",\"target\":{\"@type\":\"EntryPoint\",\"urlTemplate\":\"https:\/\/le-bol.fr\/blog\/?s={search_term_string}\"},\"query-input\":{\"@type\":\"PropertyValueSpecification\",\"valueRequired\":true,\"valueName\":\"search_term_string\"}}],\"inLanguage\":\"fr-FR\"},{\"@type\":[\"Person\",\"Organization\"],\"@id\":\"https:\/\/le-bol.fr\/blog\/#\/schema\/person\/cec6a4af61408f0dc6d97d58e0334d9b\",\"name\":\"Sarah\",\"image\":{\"@type\":\"ImageObject\",\"inLanguage\":\"fr-FR\",\"@id\":\"https:\/\/le-bol.fr\/blog\/#\/schema\/person\/image\/\",\"url\":\"https:\/\/le-bol.fr\/blog\/wp-content\/uploads\/2023\/08\/logo-lebol.png\",\"contentUrl\":\"https:\/\/le-bol.fr\/blog\/wp-content\/uploads\/2023\/08\/logo-lebol.png\",\"width\":1067,\"height\":1071,\"caption\":\"Sarah\"},\"logo\":{\"@id\":\"https:\/\/le-bol.fr\/blog\/#\/schema\/person\/image\/\"},\"description\":\"Passionn\u00e9e du tournage de poterie, je me suis donn\u00e9 un objectif : vivre de ma passion! Ce blog a pour but de partager avec vous mes recherches, mes r\u00e9alisations, mes \u00e9checs et mes r\u00e9ussites. Bienvenue!\",\"sameAs\":[\"https:\/\/le-bol.fr\/blog\/\"]},{\"@type\":\"Person\",\"@id\":\"https:\/\/le-bol.fr\/blog\/#\/schema\/person\/cc6708c58e091950ad01ce7188af9c8c\",\"name\":\"H\u00e9l\u00e8ne :)\",\"image\":{\"@type\":\"ImageObject\",\"inLanguage\":\"fr-FR\",\"@id\":\"https:\/\/le-bol.fr\/blog\/#\/schema\/person\/image\/\",\"url\":\"https:\/\/le-bol.fr\/blog\/wp-content\/uploads\/2026\/09\/avatar_user_15_1788268046-96x96.jpg\",\"contentUrl\":\"https:\/\/le-bol.fr\/blog\/wp-content\/uploads\/2026\/09\/avatar_user_15_1788268046-96x96.jpg\",\"caption\":\"H\u00e9l\u00e8ne :)\"},\"description\":\"Du clavier \u00e0 la girelle, j'ai fait le choix d'une reconversion heureuse vers la c\u00e9ramique, apr\u00e8s 8 ans dans le d\u00e9veloppement web. Aujourd'hui j'allie mes deux savoir-faire pour proposer des articles qui, j'esp\u00e8re, nourriront votre curiosit\u00e9.\"}]}<\/script>\n<!-- \/ Yoast SEO plugin. -->","yoast_head_json":{"title":"Nouveau r\u00e8glement europ\u00e9en sur les emballages (PPWR) : le guide complet &#8211; LE BLOG DU BOL","description":"Un guide complet et pratique pour les c\u00e9ramistes sur le nouveau r\u00e8glement europ\u00e9en en mati\u00e8re d'emballages (PPWR).","robots":{"index":"index","follow":"follow","max-snippet":"max-snippet:-1","max-image-preview":"max-image-preview:large","max-video-preview":"max-video-preview:-1"},"canonical":"https:\/\/le-bol.fr\/blog\/reglement-europeen-emballages-ppwr\/","og_locale":"fr_FR","og_type":"article","og_title":"Nouveau r\u00e8glement europ\u00e9en sur les emballages (PPWR) : le guide complet &#8211; LE BLOG DU BOL","og_description":"Un guide complet et pratique pour les c\u00e9ramistes sur le nouveau r\u00e8glement europ\u00e9en en mati\u00e8re d'emballages (PPWR).","og_url":"https:\/\/le-bol.fr\/blog\/reglement-europeen-emballages-ppwr\/","og_site_name":"LE BLOG DU BOL","article_published_time":"2026-09-01T16:55:35+00:00","article_modified_time":"2026-09-02T19:16:18+00:00","og_image":[{"width":1000,"height":667,"url":"https:\/\/le-bol.fr\/blog\/wp-content\/uploads\/2026\/08\/pexels-mart-production-7679676.jpg","type":"image\/jpeg"}],"author":"H\u00e9l\u00e8ne :)","twitter_card":"summary_large_image","twitter_misc":{"\u00c9crit par":"H\u00e9l\u00e8ne :)","Dur\u00e9e de lecture estim\u00e9e":"46 minutes"},"schema":{"@context":"https:\/\/schema.org","@graph":[{"@type":"Article","@id":"https:\/\/le-bol.fr\/blog\/reglement-europeen-emballages-ppwr\/#article","isPartOf":{"@id":"https:\/\/le-bol.fr\/blog\/reglement-europeen-emballages-ppwr\/"},"author":{"name":"H\u00e9l\u00e8ne :)","@id":"https:\/\/le-bol.fr\/blog\/#\/schema\/person\/cc6708c58e091950ad01ce7188af9c8c"},"headline":"Nouveau r\u00e8glement europ\u00e9en sur les emballages (PPWR) : le guide complet","datePublished":"2026-09-01T16:55:35+00:00","dateModified":"2026-09-02T19:16:18+00:00","mainEntityOfPage":{"@id":"https:\/\/le-bol.fr\/blog\/reglement-europeen-emballages-ppwr\/"},"wordCount":8568,"commentCount":0,"publisher":{"@id":"https:\/\/le-bol.fr\/blog\/#\/schema\/person\/cec6a4af61408f0dc6d97d58e0334d9b"},"image":{"@id":"https:\/\/le-bol.fr\/blog\/reglement-europeen-emballages-ppwr\/#primaryimage"},"thumbnailUrl":"https:\/\/le-bol.fr\/blog\/wp-content\/uploads\/2026\/08\/pexels-mart-production-7679676.jpg","articleSection":["Formation &amp; M\u00e9tier"],"inLanguage":"fr-FR","potentialAction":[{"@type":"CommentAction","name":"Comment","target":["https:\/\/le-bol.fr\/blog\/reglement-europeen-emballages-ppwr\/#respond"]}]},{"@type":"WebPage","@id":"https:\/\/le-bol.fr\/blog\/reglement-europeen-emballages-ppwr\/","url":"https:\/\/le-bol.fr\/blog\/reglement-europeen-emballages-ppwr\/","name":"Nouveau r\u00e8glement europ\u00e9en sur les emballages (PPWR) : le guide complet &#8211; LE BLOG DU BOL","isPartOf":{"@id":"https:\/\/le-bol.fr\/blog\/#website"},"primaryImageOfPage":{"@id":"https:\/\/le-bol.fr\/blog\/reglement-europeen-emballages-ppwr\/#primaryimage"},"image":{"@id":"https:\/\/le-bol.fr\/blog\/reglement-europeen-emballages-ppwr\/#primaryimage"},"thumbnailUrl":"https:\/\/le-bol.fr\/blog\/wp-content\/uploads\/2026\/08\/pexels-mart-production-7679676.jpg","datePublished":"2026-09-01T16:55:35+00:00","dateModified":"2026-09-02T19:16:18+00:00","description":"Un guide complet et pratique pour les c\u00e9ramistes sur le nouveau r\u00e8glement europ\u00e9en en mati\u00e8re d'emballages (PPWR).","breadcrumb":{"@id":"https:\/\/le-bol.fr\/blog\/reglement-europeen-emballages-ppwr\/#breadcrumb"},"inLanguage":"fr-FR","potentialAction":[{"@type":"ReadAction","target":["https:\/\/le-bol.fr\/blog\/reglement-europeen-emballages-ppwr\/"]}]},{"@type":"ImageObject","inLanguage":"fr-FR","@id":"https:\/\/le-bol.fr\/blog\/reglement-europeen-emballages-ppwr\/#primaryimage","url":"https:\/\/le-bol.fr\/blog\/wp-content\/uploads\/2026\/08\/pexels-mart-production-7679676.jpg","contentUrl":"https:\/\/le-bol.fr\/blog\/wp-content\/uploads\/2026\/08\/pexels-mart-production-7679676.jpg","width":1000,"height":667,"caption":"Une personne en train d'emballer deux tasses en c\u00e9ramique dans un carton d'emballage contenant des mat\u00e9riaux de protection."},{"@type":"BreadcrumbList","@id":"https:\/\/le-bol.fr\/blog\/reglement-europeen-emballages-ppwr\/#breadcrumb","itemListElement":[{"@type":"ListItem","position":1,"name":"Accueil","item":"https:\/\/le-bol.fr\/blog\/"},{"@type":"ListItem","position":2,"name":"Nouveau r\u00e8glement europ\u00e9en sur les emballages (PPWR) : le guide complet"}]},{"@type":"WebSite","@id":"https:\/\/le-bol.fr\/blog\/#website","url":"https:\/\/le-bol.fr\/blog\/","name":"LE BLOG DU BOL","description":"Donne vie \u00e0 la terre","publisher":{"@id":"https:\/\/le-bol.fr\/blog\/#\/schema\/person\/cec6a4af61408f0dc6d97d58e0334d9b"},"potentialAction":[{"@type":"SearchAction","target":{"@type":"EntryPoint","urlTemplate":"https:\/\/le-bol.fr\/blog\/?s={search_term_string}"},"query-input":{"@type":"PropertyValueSpecification","valueRequired":true,"valueName":"search_term_string"}}],"inLanguage":"fr-FR"},{"@type":["Person","Organization"],"@id":"https:\/\/le-bol.fr\/blog\/#\/schema\/person\/cec6a4af61408f0dc6d97d58e0334d9b","name":"Sarah","image":{"@type":"ImageObject","inLanguage":"fr-FR","@id":"https:\/\/le-bol.fr\/blog\/#\/schema\/person\/image\/","url":"https:\/\/le-bol.fr\/blog\/wp-content\/uploads\/2023\/08\/logo-lebol.png","contentUrl":"https:\/\/le-bol.fr\/blog\/wp-content\/uploads\/2023\/08\/logo-lebol.png","width":1067,"height":1071,"caption":"Sarah"},"logo":{"@id":"https:\/\/le-bol.fr\/blog\/#\/schema\/person\/image\/"},"description":"Passionn\u00e9e du tournage de poterie, je me suis donn\u00e9 un objectif : vivre de ma passion! Ce blog a pour but de partager avec vous mes recherches, mes r\u00e9alisations, mes \u00e9checs et mes r\u00e9ussites. Bienvenue!","sameAs":["https:\/\/le-bol.fr\/blog\/"]},{"@type":"Person","@id":"https:\/\/le-bol.fr\/blog\/#\/schema\/person\/cc6708c58e091950ad01ce7188af9c8c","name":"H\u00e9l\u00e8ne :)","image":{"@type":"ImageObject","inLanguage":"fr-FR","@id":"https:\/\/le-bol.fr\/blog\/#\/schema\/person\/image\/","url":"https:\/\/le-bol.fr\/blog\/wp-content\/uploads\/2026\/09\/avatar_user_15_1788268046-96x96.jpg","contentUrl":"https:\/\/le-bol.fr\/blog\/wp-content\/uploads\/2026\/09\/avatar_user_15_1788268046-96x96.jpg","caption":"H\u00e9l\u00e8ne :)"},"description":"Du clavier \u00e0 la girelle, j'ai fait le choix d'une reconversion heureuse vers la c\u00e9ramique, apr\u00e8s 8 ans dans le d\u00e9veloppement web. Aujourd'hui j'allie mes deux savoir-faire pour proposer des articles qui, j'esp\u00e8re, nourriront votre curiosit\u00e9."}]}},"modified_by":"H\u00e9l\u00e8ne :)","uagb_featured_image_src":{"full":["https:\/\/le-bol.fr\/blog\/wp-content\/uploads\/2026\/08\/pexels-mart-production-7679676.jpg",1000,667,false],"thumbnail":["https:\/\/le-bol.fr\/blog\/wp-content\/uploads\/2026\/08\/pexels-mart-production-7679676-150x150.jpg",150,150,true],"medium":["https:\/\/le-bol.fr\/blog\/wp-content\/uploads\/2026\/08\/pexels-mart-production-7679676-300x200.jpg",300,200,true],"medium_large":["https:\/\/le-bol.fr\/blog\/wp-content\/uploads\/2026\/08\/pexels-mart-production-7679676-768x512.jpg",768,512,true],"large":["https:\/\/le-bol.fr\/blog\/wp-content\/uploads\/2026\/08\/pexels-mart-production-7679676.jpg",800,534,false],"1536x1536":["https:\/\/le-bol.fr\/blog\/wp-content\/uploads\/2026\/08\/pexels-mart-production-7679676.jpg",1000,667,false],"2048x2048":["https:\/\/le-bol.fr\/blog\/wp-content\/uploads\/2026\/08\/pexels-mart-production-7679676.jpg",1000,667,false]},"uagb_author_info":{"display_name":"H\u00e9l\u00e8ne :)","author_link":"https:\/\/le-bol.fr\/blog\/author\/heleneg\/"},"uagb_comment_info":1,"uagb_excerpt":"Tu as peut-\u00eatre entendu parler r\u00e9cemment d\u2019une nouvelle r\u00e9glementation europ\u00e9enne sur les emballages, le PPWR, et l\u00e0, les questions ont commenc\u00e9 \u00e0 se bousculer&nbsp;:&nbsp;Est-ce que je suis concern\u00e9\u00b7e en tant que c\u00e9ramiste&nbsp;? Qu\u2019est-ce que je dois changer&nbsp;? Est-ce que \u00e7a va me co\u00fbter plus cher&nbsp;? Et si je vends \u00e0 l\u2019\u00e9tranger&nbsp;? Je t\u2019ai pr\u00e9par\u00e9 un\u2026","acf":[],"_links":{"self":[{"href":"https:\/\/le-bol.fr\/blog\/wp-json\/wp\/v2\/posts\/16593","targetHints":{"allow":["GET"]}}],"collection":[{"href":"https:\/\/le-bol.fr\/blog\/wp-json\/wp\/v2\/posts"}],"about":[{"href":"https:\/\/le-bol.fr\/blog\/wp-json\/wp\/v2\/types\/post"}],"author":[{"embeddable":true,"href":"https:\/\/le-bol.fr\/blog\/wp-json\/wp\/v2\/users\/15"}],"replies":[{"embeddable":true,"href":"https:\/\/le-bol.fr\/blog\/wp-json\/wp\/v2\/comments?post=16593"}],"version-history":[{"count":190,"href":"https:\/\/le-bol.fr\/blog\/wp-json\/wp\/v2\/posts\/16593\/revisions"}],"predecessor-version":[{"id":16869,"href":"https:\/\/le-bol.fr\/blog\/wp-json\/wp\/v2\/posts\/16593\/revisions\/16869"}],"wp:featuredmedia":[{"embeddable":true,"href":"https:\/\/le-bol.fr\/blog\/wp-json\/wp\/v2\/media\/16665"}],"wp:attachment":[{"href":"https:\/\/le-bol.fr\/blog\/wp-json\/wp\/v2\/media?parent=16593"}],"wp:term":[{"taxonomy":"category","embeddable":true,"href":"https:\/\/le-bol.fr\/blog\/wp-json\/wp\/v2\/categories?post=16593"},{"taxonomy":"post_tag","embeddable":true,"href":"https:\/\/le-bol.fr\/blog\/wp-json\/wp\/v2\/tags?post=16593"}],"curies":[{"name":"wp","href":"https:\/\/api.w.org\/{rel}","templated":true}]}}