{"id":16258,"date":"2026-02-09T17:54:10","date_gmt":"2026-02-09T17:54:10","guid":{"rendered":"https:\/\/www.le-blog-du-bol.fr\/?p=16258"},"modified":"2026-02-11T19:51:27","modified_gmt":"2026-02-11T19:51:27","slug":"bernard-palissy","status":"publish","type":"post","link":"https:\/\/le-bol.fr\/blog\/bernard-palissy\/","title":{"rendered":"Bernard Palissy, ma\u00eetre des \u00e9maux"},"content":{"rendered":"\n<p><strong>Bernard Palissy  (1510\u20131590)<\/strong> est une figure majeure de la c\u00e9ramique fran\u00e7aise. Il est avant tout un ma\u00eetre <a href=\"https:\/\/le-bol.fr\/blog\/les-emaux\/\">des \u00e9maux. <\/a>Autodidacte, il consacre sa vie <strong>\u00e0 comprendre la vitrification et la couleur.<\/strong> Bernard Palissy exp\u00e9rimente sans rel\u00e2che, au prix de grands sacrifices. Ses gla\u00e7ures \u00e9paisses et brillantes font sa renomm\u00e9e. Chez Bernard Palissy, l\u2019\u00e9mail n\u2019est pas un simple rev\u00eatement. C\u2019est <strong>une mati\u00e8re vivante. <\/strong>Un outil pour traduire la nature. Reliefs, textures, couleurs : tout passe par l\u2019\u00e9mail. Il ouvre la voie \u00e0 <strong>une pens\u00e9e moderne <\/strong>de <a href=\"https:\/\/le-bol.fr\/blog\/emaillage-guide-pratique\/\">l\u2019\u00e9maillage.<\/a><\/p>\n\n\n\n<p>Contrairement aux traditions italiennes fond\u00e9es sur des savoirs \u00e9tablis, Palissy adopte une d\u00e9marche empirique. Il observe <a href=\"https:\/\/le-bol.fr\/blog\/terre-de-potier-faience-gres\/\">terres,<\/a> cendres et min\u00e9raux, et comprend par l\u2019exp\u00e9rience le r\u00f4le des fondants, <a href=\"https:\/\/le-bol.fr\/blog\/oxyde-metallique-colorant-de-masse\/#:~:text=En%20c%C3%A9ramique%2C%20ces%20oxydes%20sont,rouge%20pour%20le%20fer%2C%20etc.\">oxydes<\/a> et cuissons. Ses couvertes plombif\u00e8res, \u00e9paisses et brillantes, r\u00e9v\u00e8lent une ma\u00eetrise audacieuse des couleurs. Par ailleurs, elles souvent combin\u00e9es sur une m\u00eame pi\u00e8ce.<\/p>\n\n\n\n<p>Il est surtout connu pour ses <em>rustiques figulines<\/em>. Plats et bassins en relief, peupl\u00e9s de reptiles, poissons, coquillages et v\u00e9g\u00e9taux moul\u00e9s sur le vif.<strong> Ainsi, les \u00e9maux polychromes<\/strong> r\u00e9v\u00e8lent une parfaite ma\u00eetrise des retraits, des tensions de surface et des interactions forme-gla\u00e7ure. Chez Palissy, l\u2019\u00e9mail devient une mati\u00e8re vivante, \u00e0 la fois expressive, narrative et li\u00e9e au monde naturel.<\/p>\n\n\n\n<figure class=\"wp-block-image aligncenter size-full is-resized\"><img fetchpriority=\"high\" decoding=\"async\" width=\"500\" height=\"310\" src=\"https:\/\/le-bol.fr\/blog\/wp-content\/uploads\/2026\/02\/plat_palissy.jpg\" alt=\"\" class=\"wp-image-16281\" style=\"aspect-ratio:1.3333333333333333;object-fit:cover;width:509px;height:auto\" srcset=\"https:\/\/le-bol.fr\/blog\/wp-content\/uploads\/2026\/02\/plat_palissy.jpg 500w, https:\/\/le-bol.fr\/blog\/wp-content\/uploads\/2026\/02\/plat_palissy-300x186.jpg 300w\" sizes=\"(max-width: 500px) 100vw, 500px\" \/><\/figure>\n\n\n\n<p class=\"has-small-font-size\">Bernard Palissy, <em>Plat \u00e0 d\u00e9cor de rustiques figulines, vers la fin du XVIe si\u00e8cle.<\/em> Image \u00a9 Lyon MBA &#8211; Photo Alain Basset<\/p>\n\n\n\n<p><\/p>\n\n\n\n<h2 class=\"wp-block-heading\">Bernard Palissy, la nature comme laboratoire<\/h2>\n\n\n\n<p>La fascination pour la nature traverse toute son \u0153uvre. Dans ses \u00e9crits, notamment les<a href=\"https:\/\/fr.wikisource.org\/wiki\/%C5%92uvres_compl%C3%A8tes_de_Bernard_Palissy\/Discours_admirables_de_la_Nature_des_eaux_et_fontaines,_etc.\/Des_Pierres\" target=\"_blank\" rel=\"noreferrer noopener\"> <em>Discours admirables<\/em>, <\/a>Palissy d\u00e9veloppe une pens\u00e9e scientifique avant l\u2019heure. Il y explore la formation des sols, la circulation de l\u2019eau, l\u2019origine des min\u00e9raux et le r\u00f4le du feu comme force de transformation. <a href=\"https:\/\/le-bol.fr\/blog\/email-reproductible\/\">L\u2019\u00e9mail<\/a> devient alors un terrain o\u00f9 se rencontrent art, science et philosophie.<\/p>\n\n\n\n<p>Vers les ann\u00e9es <strong>1540<\/strong>, alors qu\u2019il cherche obstin\u00e9ment \u00e0 percer le secret de la <strong>couverte blanche<\/strong> (\u00e9mail), Bernard Palissy est <strong>ruin\u00e9<\/strong> et n\u2019a plus de bois pour alimenter <a href=\"https:\/\/le-bol.fr\/blog\/entretien-four-ceramiste\/\">son four. <\/a>Pour continuer ses essais, il <strong>br\u00fble successivement :<\/strong> ses meubles, ses planches et m\u00eame le plancher de sa maison. <\/p>\n\n\n\n<p>Bernard Palissy raconte lui-m\u00eame cet \u00e9pisode dans ses \u00e9crits (<em>Recepte v\u00e9ritable<\/em>), avec une grande lucidit\u00e9 : il sait qu\u2019il va trop loin, mais il refuse d\u2019abandonner apr\u00e8s tant d\u2019ann\u00e9es d\u2019efforts. Publi\u00e9 en 1563, \u00ab\u00a0<em>Recepte v\u00e9ritable<\/em>\u00a0\u00bb n\u2019est pas un livre de recettes. C\u2019est <strong>un texte technique, philosophique<\/strong> et profond\u00e9ment personnel. <strong>Bernard Palissy<\/strong> y raconte ses recherches<a href=\"https:\/\/le-bol.fr\/blog\/cuisson-email-ceramique\/\"> sur les \u00e9maux, <\/a>sans jamais livrer de formule miracle. Il y d\u00e9crit des ann\u00e9es d\u2019essais, d\u2019\u00e9checs, de feu. Plus qu\u2019un potier, il s\u2019y r\u00e9v\u00e8le penseur de la mati\u00e8re.<\/p>\n\n\n\n<p><\/p>\n\n\n\n<h2 class=\"wp-block-heading\">Ce que Palissy change dans l\u2019histoire des \u00e9maux<br><\/h2>\n\n\n\n<p>Bernard Palissy ne se contente pas de d\u00e9corer ses poteries. Au contraire, il transforme la fa\u00e7on de penser et d\u2019utiliser l\u2019\u00e9mail en c\u00e9ramique. Ainsi, l\u2019\u00e9mail s\u2019int\u00e8gre \u00e0 la forme. D\u00e8s lors, la gla\u00e7ure devient un langage plastique. La mati\u00e8re, elle, devient expressive. Bernard Palissy travaille des gla\u00e7ures \u00e9paisses. Par cons\u00e9quent, il provoque des coulures et des accumulations. Peu \u00e0 peu, les surfaces acceptent les variations. L\u2019irr\u00e9gularit\u00e9 devient alors une richesse. De cette mani\u00e8re, l\u2019observation de la nature guide chaque choix. L\u2019\u00e9mail traduit le vivant. Enfin, Bernard Palissy ne cherche pas la perfection lisse. Il cherche la vie dans la mati\u00e8re.<br><\/p>\n\n\n\n<p>Bernard Palissy interroge <strong>le rapport au contr\u00f4le en c\u00e9ramique<\/strong>. Il cherche \u00e0 comprendre les ph\u00e9nom\u00e8nes de cuisson et de vitrification. La recherche prime sur le r\u00e9sultat final. Le geste n\u2019essaie pas de tout figer. La mati\u00e8re conserve <strong>une part de libert\u00e9<\/strong>. Le feu reste un partenaire. L\u2019impr\u00e9visible fait partie du processus. Bernard Palissy ma\u00eetrise <a href=\"https:\/\/www.metmuseum.org\/essays\/ceramics-in-the-french-renaissance?utm_source=chatgpt.com\" target=\"_blank\" rel=\"noreferrer noopener\">les principes de l\u2019\u00e9mail.<\/a> Ce dernier n\u2019impose pas des r\u00e9sultats fig\u00e9s.<\/p>\n\n\n\n<p><\/p>\n\n\n\n<h2 class=\"wp-block-heading\">Un homme libre face aux dogmes de son temps<br><\/h2>\n\n\n\n<p>Protestant convaincu dans une France ravag\u00e9e par les guerres de Religion, <strong>Bernard Palissy<\/strong> vit sous la menace permanente. Sa foi le marginalise, ses prises de position d\u00e9rangent, son ind\u00e9pendance inqui\u00e8te. Il aurait pu abjurer, se taire, choisir la s\u00e9curit\u00e9 mais il ne le fait pas. Celui-ci reste fid\u00e8le \u00e0 ses convictions, au prix de sa libert\u00e9. Arr\u00eat\u00e9 puis emprisonn\u00e9 <a href=\"https:\/\/museeprotestant.org\/notice\/bernard-palissy-1510-1590\/\" target=\"_blank\" rel=\"noreferrer noopener\">\u00e0 la Bastille, <\/a>il n\u2019y est pas d\u00e9tenu pour son \u0153uvre, mais pour ce qu\u2019il est et ce qu\u2019il croit. <strong>Il y meurt en 1590,<\/strong> loin de ses fours et de <a href=\"https:\/\/le-bol.fr\/blog\/atelier-de-ceramique\/\">ses ateliers.<\/a> Ce destin forge l\u2019image d\u2019un homme pour qui cr\u00e9er, penser et vivre ne peuvent \u00eatre dissoci\u00e9s, d\u2019un artisan qui <strong>pr\u00e9f\u00e8re la coh\u00e9rence \u00e0 la survie,<\/strong> et la fid\u00e9lit\u00e9 \u00e0 lui-m\u00eame \u00e0 toute forme de compromis.<\/p>\n\n\n\n<figure class=\"wp-block-image aligncenter size-full is-resized\"><img decoding=\"async\" width=\"400\" height=\"464\" src=\"https:\/\/le-bol.fr\/blog\/wp-content\/uploads\/2026\/02\/BERNARD-PALISSY-DISCUSSION.jpg\" alt=\"\" class=\"wp-image-16283\" style=\"aspect-ratio:0.8620730881122225;width:366px;height:auto\" srcset=\"https:\/\/le-bol.fr\/blog\/wp-content\/uploads\/2026\/02\/BERNARD-PALISSY-DISCUSSION.jpg 400w, https:\/\/le-bol.fr\/blog\/wp-content\/uploads\/2026\/02\/BERNARD-PALISSY-DISCUSSION-259x300.jpg 259w\" sizes=\"(max-width: 400px) 100vw, 400px\" \/><\/figure>\n\n\n\n<p class=\"has-small-font-size\">Henri III (1551-1589), roi de France, rendant visite \u00e0 Bernard Palissy, c\u00e9ramiste, emprisonn\u00e9 \u00e0 la Bastille. Extrait de \u00ab&nbsp;Sc\u00e8nes de la vie des hommes c\u00e9l\u00e8bres&nbsp;\u00bb, gravure en deux couleurs de Valerio, 1843.<\/p>\n\n\n\n<blockquote class=\"wp-block-quote is-layout-flow wp-block-quote-is-layout-flow\">\n<p><\/p>\n\n\n\n<p>Bernard Palissy ne se r\u00e9sume pas \u00e0 Paris. Au contraire, il vit et travaille longtemps dans le Sud-Ouest. Notamment \u00e0 Agen, il observe, exp\u00e9rimente, transmet. L\u00e0, la nature devient son laboratoire. Et la mati\u00e8re, son langage. Aujourd\u2019hui encore, \u00e0 Agen, son nom demeure. Ainsi, <strong>un lyc\u00e9e porte son nom<\/strong>. Et surtout, son h\u00e9ritage traverse les g\u00e9n\u00e9rations. <strong>Au c\u0153ur de la ville<\/strong>, l\u00e0 o\u00f9 se trouve aujourd\u2019hui <a href=\"https:\/\/le-bol.fr\/\">le studio Le Bol, <\/a><strong>cette m\u00eame exigence persiste<\/strong> : chercher, comprendre, exp\u00e9rimenter et rester libre.<\/p>\n<\/blockquote>\n\n\n\n<p><\/p>\n\n\n\n<h2 class=\"wp-block-heading\">Le mus\u00e9e Bernard Palissy, un lieu pour comprendre l\u2019homme et la mati\u00e8re<br><\/h2>\n\n\n\n<p>\u00c0 Lacapelle-Biron, dans le Lot-et-Garonne, <strong><a href=\"https:\/\/www.museepalissy.net\/\" target=\"_blank\" rel=\"noreferrer noopener\">le Mus\u00e9e Bernard Palissy<\/a><\/strong> prolonge cet h\u00e9ritage. Plus qu\u2019un mus\u00e9e, c&rsquo;est un lieu de recherche et de transmission. Le lieu invite \u00e0 comprendre l\u2019homme derri\u00e8re l\u2019\u0153uvre. Le parcours r\u00e9v\u00e8le <strong>son rapport intime \u00e0 l\u2019\u00e9mail<\/strong> et <strong>au feu.<\/strong> On y d\u00e9couvre des \u0153uvres en lien avec son esth\u00e9tique, des pi\u00e8ces inspir\u00e9es de ses rustiques figulines. Le mus\u00e9e propose \u00e9galement <strong><a href=\"https:\/\/www.museepalissy.net\/fr\/exposition\/\" target=\"_blank\" rel=\"noreferrer noopener\">des expositions de c\u00e9ramique <\/a><\/strong>contemporaine qui font \u00e9cho \u00e0 son esprit d\u2019exp\u00e9rimentation.<\/p>\n\n\n\n<p>Visiter le Mus\u00e9e Bernard Palissy, c\u2019est entrer dans <strong>la continuit\u00e9 d\u2019une pens\u00e9e.<\/strong> Celle d\u2019un homme pour qui la c\u00e9ramique n\u2019\u00e9tait pas seulement un artisanat, mais <strong>un moyen de comprendre le monde.<\/strong> <a href=\"https:\/\/le-bol.fr\/blog\/cuisson-email-ceramique\/\">Une c\u00e9ramique<\/a> o\u00f9 chercher, tester, rater et recommencer <strong>fait pleinement partie du processus.<\/strong><br><br><\/p>\n\n\n\n<figure class=\"wp-block-image aligncenter size-full\"><img decoding=\"async\" width=\"650\" height=\"273\" src=\"https:\/\/le-bol.fr\/blog\/wp-content\/uploads\/2026\/02\/MAISON-BERNARD-PALISSY.png\" alt=\"\" class=\"wp-image-16285\" srcset=\"https:\/\/le-bol.fr\/blog\/wp-content\/uploads\/2026\/02\/MAISON-BERNARD-PALISSY.png 650w, https:\/\/le-bol.fr\/blog\/wp-content\/uploads\/2026\/02\/MAISON-BERNARD-PALISSY-300x126.png 300w\" sizes=\"(max-width: 650px) 100vw, 650px\" \/><\/figure>\n\n\n\n<p class=\"has-small-font-size\">Exposition : Le grand plat <em>\u00a9<\/em> Mus\u00e9e Bernard Palissy <\/p>\n\n\n\n<p><strong>Bernard Palissy <\/strong>ne nous a pas seulement laiss\u00e9 des \u0153uvres. Il nous a transmis une mani\u00e8re d\u2019\u00eatre c\u00e9ramiste. Il nous a appris \u00e0 regarder la mati\u00e8re, \u00e0 \u00e9couter le feu et <strong>\u00e0 accepter le temps long.<\/strong> Chez lui, l\u2019\u00e9mail ne recouvre pas. L\u2019\u00e9mail parle. <strong>L\u2019\u00e9mail vit.<\/strong><\/p>\n\n\n\n<blockquote class=\"wp-block-quote is-layout-flow wp-block-quote-is-layout-flow\">\n<p><\/p>\n\n\n\n<p><strong>Cinq si\u00e8cles plus tard,<\/strong> pourtant, son geste continue. Il se retrouve dans chaque atelier, chaque four, chaque essai. Ainsi, chaque c\u00e9ramiste qui cherche <strong>prolonge cette lign\u00e9e. <\/strong>Et m\u00eame, chaque main qui doute en fait partie. Finalement, Bernard Palissy nous rappelle <strong>une chose essentielle.<\/strong><\/p>\n<\/blockquote>\n\n\n\n<p>La c\u00e9ramique n\u2019est pas une recette \u00e0 suivre ni une formule \u00e0 r\u00e9p\u00e9ter. Elle est une relation \u00e0 construire, jour apr\u00e8s jour, avec la terre, l\u2019\u00e9mail et le feu. la c\u00e9ramique fait travailler le corps, le regard et le temps. Cela demande d\u2019observer, d\u2019\u00e9couter et d\u2019ajuster. Dans cette pratique, chercher compte autant que r\u00e9ussir. Essayer, se tromper, comprendre, recommencer font partie du m\u00e9tier. La c\u00e9ramique avance par essais, par exp\u00e9riences, par attention aux diff\u00e9rences. C\u2019est pourquoi, elle privil\u00e9gie le vivant au lisse, la pr\u00e9sence \u00e0 la perfection, le sens \u00e0 l\u2019apparence. Elle ne fixe pas un r\u00e9sultat unique. Elle propose un dialogue.<br><\/p>\n\n\n\n<p><\/p>\n","protected":false},"excerpt":{"rendered":"<p>Bernard Palissy (1510\u20131590) est une figure majeure de la c\u00e9ramique fran\u00e7aise. Il est avant tout un ma\u00eetre des \u00e9maux. Autodidacte, il consacre sa vie \u00e0 comprendre la vitrification et la couleur. Bernard Palissy exp\u00e9rimente sans rel\u00e2che, au prix de grands sacrifices. Ses gla\u00e7ures \u00e9paisses et brillantes font sa renomm\u00e9e. Chez Bernard Palissy, l\u2019\u00e9mail n\u2019est pas un simple rev\u00eatement. C\u2019est une mati\u00e8re vivante. Un outil pour traduire la nature. Reliefs, textures, couleurs : tout passe par l\u2019\u00e9mail. Il ouvre la voie \u00e0 une pens\u00e9e moderne de l\u2019\u00e9maillage. Contrairement aux traditions italiennes fond\u00e9es sur des savoirs \u00e9tablis, Palissy adopte une d\u00e9marche empirique. Il observe terres, cendres et min\u00e9raux, et comprend par l\u2019exp\u00e9rience le r\u00f4le des fondants, oxydes et cuissons. Ses couvertes plombif\u00e8res, \u00e9paisses et brillantes, r\u00e9v\u00e8lent une ma\u00eetrise audacieuse des couleurs. Par ailleurs, elles souvent combin\u00e9es sur une m\u00eame pi\u00e8ce. Il est surtout connu pour ses rustiques figulines. Plats et bassins en relief, peupl\u00e9s de reptiles, poissons, coquillages et v\u00e9g\u00e9taux moul\u00e9s sur le vif. Ainsi, les \u00e9maux polychromes r\u00e9v\u00e8lent une parfaite ma\u00eetrise des retraits, des tensions de surface et des interactions forme-gla\u00e7ure. Chez Palissy, l\u2019\u00e9mail devient une mati\u00e8re vivante, \u00e0 la fois expressive, narrative et li\u00e9e au monde naturel. Bernard Palissy, Plat \u00e0 d\u00e9cor de rustiques figulines, vers la fin du XVIe si\u00e8cle. Image \u00a9 Lyon MBA &#8211; Photo Alain Basset Bernard Palissy, la nature comme laboratoire La fascination pour la nature traverse toute son \u0153uvre. Dans ses \u00e9crits, notamment les Discours admirables, Palissy d\u00e9veloppe une pens\u00e9e scientifique avant l\u2019heure. Il y explore la formation des sols, la circulation de l\u2019eau, l\u2019origine des min\u00e9raux et le r\u00f4le du feu comme force de transformation. L\u2019\u00e9mail devient alors un terrain o\u00f9 se rencontrent art, science et philosophie. Vers les ann\u00e9es 1540, alors qu\u2019il cherche obstin\u00e9ment \u00e0 percer le secret de la couverte blanche (\u00e9mail), Bernard Palissy est ruin\u00e9 et n\u2019a plus de bois pour alimenter son four. Pour continuer ses essais, il br\u00fble successivement : ses meubles, ses planches et m\u00eame le plancher de sa maison. Bernard Palissy raconte lui-m\u00eame cet \u00e9pisode dans ses \u00e9crits (Recepte v\u00e9ritable), avec une grande lucidit\u00e9 : il sait qu\u2019il va trop loin, mais il refuse d\u2019abandonner apr\u00e8s tant d\u2019ann\u00e9es d\u2019efforts. Publi\u00e9 en 1563, \u00ab\u00a0Recepte v\u00e9ritable\u00a0\u00bb n\u2019est pas un livre de recettes. C\u2019est un texte technique, philosophique et profond\u00e9ment personnel. Bernard Palissy y raconte ses recherches sur les \u00e9maux, sans jamais livrer de formule miracle. Il y d\u00e9crit des ann\u00e9es d\u2019essais, d\u2019\u00e9checs, de feu. Plus qu\u2019un potier, il s\u2019y r\u00e9v\u00e8le penseur de la mati\u00e8re. Ce que Palissy change dans l\u2019histoire des \u00e9maux Bernard Palissy ne se contente pas de d\u00e9corer ses poteries. Au contraire, il transforme la fa\u00e7on de penser et d\u2019utiliser l\u2019\u00e9mail en c\u00e9ramique. Ainsi, l\u2019\u00e9mail s\u2019int\u00e8gre \u00e0 la forme. D\u00e8s lors, la gla\u00e7ure devient un langage plastique. La mati\u00e8re, elle, devient expressive. Bernard Palissy travaille des gla\u00e7ures \u00e9paisses. Par cons\u00e9quent, il provoque des coulures et des accumulations. Peu \u00e0 peu, les surfaces acceptent les variations. L\u2019irr\u00e9gularit\u00e9 devient alors une richesse. De cette mani\u00e8re, l\u2019observation de la nature guide chaque choix. L\u2019\u00e9mail traduit le vivant. Enfin, Bernard Palissy ne cherche pas la perfection lisse. Il cherche la vie dans la mati\u00e8re. Bernard Palissy interroge le rapport au contr\u00f4le en c\u00e9ramique. Il cherche \u00e0 comprendre les ph\u00e9nom\u00e8nes de cuisson et de vitrification. La recherche prime sur le r\u00e9sultat final. Le geste n\u2019essaie pas de tout figer. La mati\u00e8re conserve une part de libert\u00e9. Le feu reste un partenaire. L\u2019impr\u00e9visible fait partie du processus. Bernard Palissy ma\u00eetrise les principes de l\u2019\u00e9mail. Ce dernier n\u2019impose pas des r\u00e9sultats fig\u00e9s. Un homme libre face aux dogmes de son temps Protestant convaincu dans une France ravag\u00e9e par les guerres de Religion, Bernard Palissy vit sous la menace permanente. Sa foi le marginalise, ses prises de position d\u00e9rangent, son ind\u00e9pendance inqui\u00e8te. Il aurait pu abjurer, se taire, choisir la s\u00e9curit\u00e9 mais il ne le fait pas. Celui-ci reste fid\u00e8le \u00e0 ses convictions, au prix de sa libert\u00e9. Arr\u00eat\u00e9 puis emprisonn\u00e9 \u00e0 la Bastille, il n\u2019y est pas d\u00e9tenu pour son \u0153uvre, mais pour ce qu\u2019il est et ce qu\u2019il croit. Il y meurt en 1590, loin de ses fours et de ses ateliers. Ce destin forge l\u2019image d\u2019un homme pour qui cr\u00e9er, penser et vivre ne peuvent \u00eatre dissoci\u00e9s, d\u2019un artisan qui pr\u00e9f\u00e8re la coh\u00e9rence \u00e0 la survie, et la fid\u00e9lit\u00e9 \u00e0 lui-m\u00eame \u00e0 toute forme de compromis. Henri III (1551-1589), roi de France, rendant visite \u00e0 Bernard Palissy, c\u00e9ramiste, emprisonn\u00e9 \u00e0 la Bastille. Extrait de \u00ab&nbsp;Sc\u00e8nes de la vie des hommes c\u00e9l\u00e8bres&nbsp;\u00bb, gravure en deux couleurs de Valerio, 1843. Bernard Palissy ne se r\u00e9sume pas \u00e0 Paris. Au contraire, il vit et travaille longtemps dans le Sud-Ouest. Notamment \u00e0 Agen, il observe, exp\u00e9rimente, transmet. L\u00e0, la nature devient son laboratoire. Et la mati\u00e8re, son langage. Aujourd\u2019hui encore, \u00e0 Agen, son nom demeure. Ainsi, un lyc\u00e9e porte son nom. Et surtout, son h\u00e9ritage traverse les g\u00e9n\u00e9rations. Au c\u0153ur de la ville, l\u00e0 o\u00f9 se trouve aujourd\u2019hui le studio Le Bol, cette m\u00eame exigence persiste : chercher, comprendre, exp\u00e9rimenter et rester libre. Le mus\u00e9e Bernard Palissy, un lieu pour comprendre l\u2019homme et la mati\u00e8re \u00c0 Lacapelle-Biron, dans le Lot-et-Garonne, le Mus\u00e9e Bernard Palissy prolonge cet h\u00e9ritage. Plus qu\u2019un mus\u00e9e, c&rsquo;est un lieu de recherche et de transmission. Le lieu invite \u00e0 comprendre l\u2019homme derri\u00e8re l\u2019\u0153uvre. Le parcours r\u00e9v\u00e8le son rapport intime \u00e0 l\u2019\u00e9mail et au feu. On y d\u00e9couvre des \u0153uvres en lien avec son esth\u00e9tique, des pi\u00e8ces inspir\u00e9es de ses rustiques figulines. Le mus\u00e9e propose \u00e9galement des expositions de c\u00e9ramique contemporaine qui font \u00e9cho \u00e0 son esprit d\u2019exp\u00e9rimentation. Visiter le Mus\u00e9e Bernard Palissy, c\u2019est entrer dans la continuit\u00e9 d\u2019une pens\u00e9e. Celle d\u2019un homme pour qui la c\u00e9ramique n\u2019\u00e9tait pas seulement un artisanat, mais un moyen de comprendre le monde. Une c\u00e9ramique o\u00f9 chercher, tester, rater et recommencer fait pleinement partie du processus. Exposition : Le grand plat \u00a9 Mus\u00e9e Bernard Palissy Bernard Palissy ne nous a pas seulement laiss\u00e9 des \u0153uvres. Il nous a transmis une mani\u00e8re d\u2019\u00eatre c\u00e9ramiste. Il nous a appris<\/p>\n","protected":false},"author":12,"featured_media":16279,"comment_status":"open","ping_status":"open","sticky":false,"template":"","format":"standard","meta":{"_uag_custom_page_level_css":"","_lmt_disableupdate":"","_lmt_disable":"","footnotes":""},"categories":[74],"tags":[],"class_list":["post-16258","post","type-post","status-publish","format-standard","has-post-thumbnail","hentry","category-interview-ceramiste"],"yoast_head":"<!-- This site is optimized with the Yoast SEO plugin v26.8 - https:\/\/yoast.com\/product\/yoast-seo-wordpress\/ -->\n<title>Bernard Palissy, ma\u00eetre des \u00e9maux &#8211; LE BLOG DU BOL<\/title>\n<meta name=\"description\" content=\"D\u00e9couvrez les derni\u00e8res tendances, techniques et inspirations dans l&#039;univers de la poterie. Chaque article du Blog du Bol vous plonge au c\u0153ur de cet art mill\u00e9naire.\" \/>\n<meta name=\"robots\" content=\"index, follow, max-snippet:-1, max-image-preview:large, max-video-preview:-1\" \/>\n<link rel=\"canonical\" href=\"https:\/\/le-bol.fr\/blog\/bernard-palissy\/\" \/>\n<meta property=\"og:locale\" content=\"fr_FR\" \/>\n<meta property=\"og:type\" content=\"article\" \/>\n<meta property=\"og:title\" content=\"Bernard Palissy, ma\u00eetre des \u00e9maux &#8211; LE BLOG DU BOL\" \/>\n<meta property=\"og:description\" content=\"D\u00e9couvrez les derni\u00e8res tendances, techniques et inspirations dans l&#039;univers de la poterie. Chaque article du Blog du Bol vous plonge au c\u0153ur de cet art mill\u00e9naire.\" \/>\n<meta property=\"og:url\" content=\"https:\/\/le-bol.fr\/blog\/bernard-palissy\/\" \/>\n<meta property=\"og:site_name\" content=\"LE BLOG DU BOL\" \/>\n<meta property=\"article:published_time\" content=\"2026-02-09T17:54:10+00:00\" \/>\n<meta property=\"article:modified_time\" content=\"2026-02-11T19:51:27+00:00\" \/>\n<meta property=\"og:image\" content=\"https:\/\/le-bol.fr\/blog\/wp-content\/uploads\/2026\/02\/BERNARD-PALISSY.jpg\" \/>\n\t<meta property=\"og:image:width\" content=\"950\" \/>\n\t<meta property=\"og:image:height\" content=\"530\" \/>\n\t<meta property=\"og:image:type\" content=\"image\/jpeg\" \/>\n<meta name=\"author\" content=\"Lisa Lorenzelli\" \/>\n<meta name=\"twitter:card\" content=\"summary_large_image\" \/>\n<meta name=\"twitter:label1\" content=\"\u00c9crit par\" \/>\n\t<meta name=\"twitter:data1\" content=\"Lisa Lorenzelli\" \/>\n\t<meta name=\"twitter:label2\" content=\"Dur\u00e9e de lecture estim\u00e9e\" \/>\n\t<meta name=\"twitter:data2\" content=\"7 minutes\" \/>\n<script type=\"application\/ld+json\" class=\"yoast-schema-graph\">{\"@context\":\"https:\/\/schema.org\",\"@graph\":[{\"@type\":\"Article\",\"@id\":\"https:\/\/le-bol.fr\/blog\/bernard-palissy\/#article\",\"isPartOf\":{\"@id\":\"https:\/\/le-bol.fr\/blog\/bernard-palissy\/\"},\"author\":{\"name\":\"Lisa Lorenzelli\",\"@id\":\"https:\/\/le-bol.fr\/blog\/#\/schema\/person\/bd3cfee15038e7498e12d0364f820849\"},\"headline\":\"Bernard Palissy, ma\u00eetre des \u00e9maux\",\"datePublished\":\"2026-02-09T17:54:10+00:00\",\"dateModified\":\"2026-02-11T19:51:27+00:00\",\"mainEntityOfPage\":{\"@id\":\"https:\/\/le-bol.fr\/blog\/bernard-palissy\/\"},\"wordCount\":1343,\"commentCount\":0,\"publisher\":{\"@id\":\"https:\/\/le-bol.fr\/blog\/#\/schema\/person\/cec6a4af61408f0dc6d97d58e0334d9b\"},\"image\":{\"@id\":\"https:\/\/le-bol.fr\/blog\/bernard-palissy\/#primaryimage\"},\"thumbnailUrl\":\"https:\/\/le-bol.fr\/blog\/wp-content\/uploads\/2026\/02\/BERNARD-PALISSY.jpg\",\"articleSection\":[\"Interviews &amp; Culture\"],\"inLanguage\":\"fr-FR\",\"potentialAction\":[{\"@type\":\"CommentAction\",\"name\":\"Comment\",\"target\":[\"https:\/\/le-bol.fr\/blog\/bernard-palissy\/#respond\"]}]},{\"@type\":\"WebPage\",\"@id\":\"https:\/\/le-bol.fr\/blog\/bernard-palissy\/\",\"url\":\"https:\/\/le-bol.fr\/blog\/bernard-palissy\/\",\"name\":\"Bernard Palissy, ma\u00eetre des \u00e9maux &#8211; LE BLOG DU BOL\",\"isPartOf\":{\"@id\":\"https:\/\/le-bol.fr\/blog\/#website\"},\"primaryImageOfPage\":{\"@id\":\"https:\/\/le-bol.fr\/blog\/bernard-palissy\/#primaryimage\"},\"image\":{\"@id\":\"https:\/\/le-bol.fr\/blog\/bernard-palissy\/#primaryimage\"},\"thumbnailUrl\":\"https:\/\/le-bol.fr\/blog\/wp-content\/uploads\/2026\/02\/BERNARD-PALISSY.jpg\",\"datePublished\":\"2026-02-09T17:54:10+00:00\",\"dateModified\":\"2026-02-11T19:51:27+00:00\",\"description\":\"D\u00e9couvrez les derni\u00e8res tendances, techniques et inspirations dans l'univers de la poterie. Chaque article du Blog du Bol vous plonge au c\u0153ur de cet art mill\u00e9naire.\",\"breadcrumb\":{\"@id\":\"https:\/\/le-bol.fr\/blog\/bernard-palissy\/#breadcrumb\"},\"inLanguage\":\"fr-FR\",\"potentialAction\":[{\"@type\":\"ReadAction\",\"target\":[\"https:\/\/le-bol.fr\/blog\/bernard-palissy\/\"]}]},{\"@type\":\"ImageObject\",\"inLanguage\":\"fr-FR\",\"@id\":\"https:\/\/le-bol.fr\/blog\/bernard-palissy\/#primaryimage\",\"url\":\"https:\/\/le-bol.fr\/blog\/wp-content\/uploads\/2026\/02\/BERNARD-PALISSY.jpg\",\"contentUrl\":\"https:\/\/le-bol.fr\/blog\/wp-content\/uploads\/2026\/02\/BERNARD-PALISSY.jpg\",\"width\":950,\"height\":530},{\"@type\":\"BreadcrumbList\",\"@id\":\"https:\/\/le-bol.fr\/blog\/bernard-palissy\/#breadcrumb\",\"itemListElement\":[{\"@type\":\"ListItem\",\"position\":1,\"name\":\"Accueil\",\"item\":\"https:\/\/le-bol.fr\/blog\/\"},{\"@type\":\"ListItem\",\"position\":2,\"name\":\"Bernard Palissy, ma\u00eetre des \u00e9maux\"}]},{\"@type\":\"WebSite\",\"@id\":\"https:\/\/le-bol.fr\/blog\/#website\",\"url\":\"https:\/\/le-bol.fr\/blog\/\",\"name\":\"LE BLOG DU BOL\",\"description\":\"Donne vie \u00e0 la terre\",\"publisher\":{\"@id\":\"https:\/\/le-bol.fr\/blog\/#\/schema\/person\/cec6a4af61408f0dc6d97d58e0334d9b\"},\"potentialAction\":[{\"@type\":\"SearchAction\",\"target\":{\"@type\":\"EntryPoint\",\"urlTemplate\":\"https:\/\/le-bol.fr\/blog\/?s={search_term_string}\"},\"query-input\":{\"@type\":\"PropertyValueSpecification\",\"valueRequired\":true,\"valueName\":\"search_term_string\"}}],\"inLanguage\":\"fr-FR\"},{\"@type\":[\"Person\",\"Organization\"],\"@id\":\"https:\/\/le-bol.fr\/blog\/#\/schema\/person\/cec6a4af61408f0dc6d97d58e0334d9b\",\"name\":\"Sarah\",\"image\":{\"@type\":\"ImageObject\",\"inLanguage\":\"fr-FR\",\"@id\":\"https:\/\/le-bol.fr\/blog\/#\/schema\/person\/image\/\",\"url\":\"https:\/\/le-bol.fr\/blog\/wp-content\/uploads\/2023\/08\/logo-lebol.png\",\"contentUrl\":\"https:\/\/le-bol.fr\/blog\/wp-content\/uploads\/2023\/08\/logo-lebol.png\",\"width\":1067,\"height\":1071,\"caption\":\"Sarah\"},\"logo\":{\"@id\":\"https:\/\/le-bol.fr\/blog\/#\/schema\/person\/image\/\"},\"description\":\"Passionn\u00e9e du tournage de poterie, je me suis donn\u00e9 un objectif : vivre de ma passion! Ce blog a pour but de partager avec vous mes recherches, mes r\u00e9alisations, mes \u00e9checs et mes r\u00e9ussites. Bienvenue!\",\"sameAs\":[\"https:\/\/le-bol.fr\/blog\/\"]},{\"@type\":\"Person\",\"@id\":\"https:\/\/le-bol.fr\/blog\/#\/schema\/person\/bd3cfee15038e7498e12d0364f820849\",\"name\":\"Lisa Lorenzelli\",\"image\":{\"@type\":\"ImageObject\",\"inLanguage\":\"fr-FR\",\"@id\":\"https:\/\/le-bol.fr\/blog\/#\/schema\/person\/image\/\",\"url\":\"https:\/\/le-bol.fr\/blog\/wp-content\/uploads\/2025\/09\/avatar_user_12_1757359720-96x96.jpg\",\"contentUrl\":\"https:\/\/le-bol.fr\/blog\/wp-content\/uploads\/2025\/09\/avatar_user_12_1757359720-96x96.jpg\",\"caption\":\"Lisa Lorenzelli\"},\"description\":\"Passionn\u00e9e par la culture et l\u2019histoire, j\u2019ai \u00e0 c\u0153ur de raconter le parcours des pionniers et pionni\u00e8res de la c\u00e9ramique, mais aussi de partager des r\u00e9cits qui \u00e9veillent notre curiosit\u00e9 culturelle et nourrissent notre cr\u00e9ativit\u00e9.\"}]}<\/script>\n<!-- \/ Yoast SEO plugin. -->","yoast_head_json":{"title":"Bernard Palissy, ma\u00eetre des \u00e9maux &#8211; LE BLOG DU BOL","description":"D\u00e9couvrez les derni\u00e8res tendances, techniques et inspirations dans l'univers de la poterie. Chaque article du Blog du Bol vous plonge au c\u0153ur de cet art mill\u00e9naire.","robots":{"index":"index","follow":"follow","max-snippet":"max-snippet:-1","max-image-preview":"max-image-preview:large","max-video-preview":"max-video-preview:-1"},"canonical":"https:\/\/le-bol.fr\/blog\/bernard-palissy\/","og_locale":"fr_FR","og_type":"article","og_title":"Bernard Palissy, ma\u00eetre des \u00e9maux &#8211; LE BLOG DU BOL","og_description":"D\u00e9couvrez les derni\u00e8res tendances, techniques et inspirations dans l'univers de la poterie. Chaque article du Blog du Bol vous plonge au c\u0153ur de cet art mill\u00e9naire.","og_url":"https:\/\/le-bol.fr\/blog\/bernard-palissy\/","og_site_name":"LE BLOG DU BOL","article_published_time":"2026-02-09T17:54:10+00:00","article_modified_time":"2026-02-11T19:51:27+00:00","og_image":[{"width":950,"height":530,"url":"https:\/\/le-bol.fr\/blog\/wp-content\/uploads\/2026\/02\/BERNARD-PALISSY.jpg","type":"image\/jpeg"}],"author":"Lisa Lorenzelli","twitter_card":"summary_large_image","twitter_misc":{"\u00c9crit par":"Lisa Lorenzelli","Dur\u00e9e de lecture estim\u00e9e":"7 minutes"},"schema":{"@context":"https:\/\/schema.org","@graph":[{"@type":"Article","@id":"https:\/\/le-bol.fr\/blog\/bernard-palissy\/#article","isPartOf":{"@id":"https:\/\/le-bol.fr\/blog\/bernard-palissy\/"},"author":{"name":"Lisa Lorenzelli","@id":"https:\/\/le-bol.fr\/blog\/#\/schema\/person\/bd3cfee15038e7498e12d0364f820849"},"headline":"Bernard Palissy, ma\u00eetre des \u00e9maux","datePublished":"2026-02-09T17:54:10+00:00","dateModified":"2026-02-11T19:51:27+00:00","mainEntityOfPage":{"@id":"https:\/\/le-bol.fr\/blog\/bernard-palissy\/"},"wordCount":1343,"commentCount":0,"publisher":{"@id":"https:\/\/le-bol.fr\/blog\/#\/schema\/person\/cec6a4af61408f0dc6d97d58e0334d9b"},"image":{"@id":"https:\/\/le-bol.fr\/blog\/bernard-palissy\/#primaryimage"},"thumbnailUrl":"https:\/\/le-bol.fr\/blog\/wp-content\/uploads\/2026\/02\/BERNARD-PALISSY.jpg","articleSection":["Interviews &amp; Culture"],"inLanguage":"fr-FR","potentialAction":[{"@type":"CommentAction","name":"Comment","target":["https:\/\/le-bol.fr\/blog\/bernard-palissy\/#respond"]}]},{"@type":"WebPage","@id":"https:\/\/le-bol.fr\/blog\/bernard-palissy\/","url":"https:\/\/le-bol.fr\/blog\/bernard-palissy\/","name":"Bernard Palissy, ma\u00eetre des \u00e9maux &#8211; LE BLOG DU BOL","isPartOf":{"@id":"https:\/\/le-bol.fr\/blog\/#website"},"primaryImageOfPage":{"@id":"https:\/\/le-bol.fr\/blog\/bernard-palissy\/#primaryimage"},"image":{"@id":"https:\/\/le-bol.fr\/blog\/bernard-palissy\/#primaryimage"},"thumbnailUrl":"https:\/\/le-bol.fr\/blog\/wp-content\/uploads\/2026\/02\/BERNARD-PALISSY.jpg","datePublished":"2026-02-09T17:54:10+00:00","dateModified":"2026-02-11T19:51:27+00:00","description":"D\u00e9couvrez les derni\u00e8res tendances, techniques et inspirations dans l'univers de la poterie. Chaque article du Blog du Bol vous plonge au c\u0153ur de cet art mill\u00e9naire.","breadcrumb":{"@id":"https:\/\/le-bol.fr\/blog\/bernard-palissy\/#breadcrumb"},"inLanguage":"fr-FR","potentialAction":[{"@type":"ReadAction","target":["https:\/\/le-bol.fr\/blog\/bernard-palissy\/"]}]},{"@type":"ImageObject","inLanguage":"fr-FR","@id":"https:\/\/le-bol.fr\/blog\/bernard-palissy\/#primaryimage","url":"https:\/\/le-bol.fr\/blog\/wp-content\/uploads\/2026\/02\/BERNARD-PALISSY.jpg","contentUrl":"https:\/\/le-bol.fr\/blog\/wp-content\/uploads\/2026\/02\/BERNARD-PALISSY.jpg","width":950,"height":530},{"@type":"BreadcrumbList","@id":"https:\/\/le-bol.fr\/blog\/bernard-palissy\/#breadcrumb","itemListElement":[{"@type":"ListItem","position":1,"name":"Accueil","item":"https:\/\/le-bol.fr\/blog\/"},{"@type":"ListItem","position":2,"name":"Bernard Palissy, ma\u00eetre des \u00e9maux"}]},{"@type":"WebSite","@id":"https:\/\/le-bol.fr\/blog\/#website","url":"https:\/\/le-bol.fr\/blog\/","name":"LE BLOG DU BOL","description":"Donne vie \u00e0 la terre","publisher":{"@id":"https:\/\/le-bol.fr\/blog\/#\/schema\/person\/cec6a4af61408f0dc6d97d58e0334d9b"},"potentialAction":[{"@type":"SearchAction","target":{"@type":"EntryPoint","urlTemplate":"https:\/\/le-bol.fr\/blog\/?s={search_term_string}"},"query-input":{"@type":"PropertyValueSpecification","valueRequired":true,"valueName":"search_term_string"}}],"inLanguage":"fr-FR"},{"@type":["Person","Organization"],"@id":"https:\/\/le-bol.fr\/blog\/#\/schema\/person\/cec6a4af61408f0dc6d97d58e0334d9b","name":"Sarah","image":{"@type":"ImageObject","inLanguage":"fr-FR","@id":"https:\/\/le-bol.fr\/blog\/#\/schema\/person\/image\/","url":"https:\/\/le-bol.fr\/blog\/wp-content\/uploads\/2023\/08\/logo-lebol.png","contentUrl":"https:\/\/le-bol.fr\/blog\/wp-content\/uploads\/2023\/08\/logo-lebol.png","width":1067,"height":1071,"caption":"Sarah"},"logo":{"@id":"https:\/\/le-bol.fr\/blog\/#\/schema\/person\/image\/"},"description":"Passionn\u00e9e du tournage de poterie, je me suis donn\u00e9 un objectif : vivre de ma passion! Ce blog a pour but de partager avec vous mes recherches, mes r\u00e9alisations, mes \u00e9checs et mes r\u00e9ussites. Bienvenue!","sameAs":["https:\/\/le-bol.fr\/blog\/"]},{"@type":"Person","@id":"https:\/\/le-bol.fr\/blog\/#\/schema\/person\/bd3cfee15038e7498e12d0364f820849","name":"Lisa Lorenzelli","image":{"@type":"ImageObject","inLanguage":"fr-FR","@id":"https:\/\/le-bol.fr\/blog\/#\/schema\/person\/image\/","url":"https:\/\/le-bol.fr\/blog\/wp-content\/uploads\/2025\/09\/avatar_user_12_1757359720-96x96.jpg","contentUrl":"https:\/\/le-bol.fr\/blog\/wp-content\/uploads\/2025\/09\/avatar_user_12_1757359720-96x96.jpg","caption":"Lisa Lorenzelli"},"description":"Passionn\u00e9e par la culture et l\u2019histoire, j\u2019ai \u00e0 c\u0153ur de raconter le parcours des pionniers et pionni\u00e8res de la c\u00e9ramique, mais aussi de partager des r\u00e9cits qui \u00e9veillent notre curiosit\u00e9 culturelle et nourrissent notre cr\u00e9ativit\u00e9."}]}},"modified_by":"Sarah","uagb_featured_image_src":{"full":["https:\/\/le-bol.fr\/blog\/wp-content\/uploads\/2026\/02\/BERNARD-PALISSY.jpg",950,530,false],"thumbnail":["https:\/\/le-bol.fr\/blog\/wp-content\/uploads\/2026\/02\/BERNARD-PALISSY-150x150.jpg",150,150,true],"medium":["https:\/\/le-bol.fr\/blog\/wp-content\/uploads\/2026\/02\/BERNARD-PALISSY-300x167.jpg",300,167,true],"medium_large":["https:\/\/le-bol.fr\/blog\/wp-content\/uploads\/2026\/02\/BERNARD-PALISSY-768x428.jpg",768,428,true],"large":["https:\/\/le-bol.fr\/blog\/wp-content\/uploads\/2026\/02\/BERNARD-PALISSY.jpg",800,446,false],"1536x1536":["https:\/\/le-bol.fr\/blog\/wp-content\/uploads\/2026\/02\/BERNARD-PALISSY.jpg",950,530,false],"2048x2048":["https:\/\/le-bol.fr\/blog\/wp-content\/uploads\/2026\/02\/BERNARD-PALISSY.jpg",950,530,false]},"uagb_author_info":{"display_name":"Lisa Lorenzelli","author_link":"https:\/\/le-bol.fr\/blog\/author\/lisa-lorenzelli\/"},"uagb_comment_info":0,"uagb_excerpt":"Bernard Palissy (1510\u20131590) est une figure majeure de la c\u00e9ramique fran\u00e7aise. Il est avant tout un ma\u00eetre des \u00e9maux. Autodidacte, il consacre sa vie \u00e0 comprendre la vitrification et la couleur. Bernard Palissy exp\u00e9rimente sans rel\u00e2che, au prix de grands sacrifices. Ses gla\u00e7ures \u00e9paisses et brillantes font sa renomm\u00e9e. Chez Bernard Palissy, l\u2019\u00e9mail n\u2019est pas\u2026","acf":[],"_links":{"self":[{"href":"https:\/\/le-bol.fr\/blog\/wp-json\/wp\/v2\/posts\/16258","targetHints":{"allow":["GET"]}}],"collection":[{"href":"https:\/\/le-bol.fr\/blog\/wp-json\/wp\/v2\/posts"}],"about":[{"href":"https:\/\/le-bol.fr\/blog\/wp-json\/wp\/v2\/types\/post"}],"author":[{"embeddable":true,"href":"https:\/\/le-bol.fr\/blog\/wp-json\/wp\/v2\/users\/12"}],"replies":[{"embeddable":true,"href":"https:\/\/le-bol.fr\/blog\/wp-json\/wp\/v2\/comments?post=16258"}],"version-history":[{"count":12,"href":"https:\/\/le-bol.fr\/blog\/wp-json\/wp\/v2\/posts\/16258\/revisions"}],"predecessor-version":[{"id":16286,"href":"https:\/\/le-bol.fr\/blog\/wp-json\/wp\/v2\/posts\/16258\/revisions\/16286"}],"wp:featuredmedia":[{"embeddable":true,"href":"https:\/\/le-bol.fr\/blog\/wp-json\/wp\/v2\/media\/16279"}],"wp:attachment":[{"href":"https:\/\/le-bol.fr\/blog\/wp-json\/wp\/v2\/media?parent=16258"}],"wp:term":[{"taxonomy":"category","embeddable":true,"href":"https:\/\/le-bol.fr\/blog\/wp-json\/wp\/v2\/categories?post=16258"},{"taxonomy":"post_tag","embeddable":true,"href":"https:\/\/le-bol.fr\/blog\/wp-json\/wp\/v2\/tags?post=16258"}],"curies":[{"name":"wp","href":"https:\/\/api.w.org\/{rel}","templated":true}]}}