{"id":15958,"date":"2026-04-27T20:17:23","date_gmt":"2026-04-27T20:17:23","guid":{"rendered":"https:\/\/www.le-blog-du-bol.fr\/?p=15958"},"modified":"2026-04-27T20:17:25","modified_gmt":"2026-04-27T20:17:25","slug":"retraites-residences-ceramique","status":"publish","type":"post","link":"https:\/\/le-bol.fr\/blog\/retraites-residences-ceramique\/","title":{"rendered":"Les r\u00e9sidences et retraites c\u00e9ramiques"},"content":{"rendered":"\n<p>Les vacances se terminent mais si tu veux garder un peu d\u2019\u00e9vasion au c\u0153ur de l\u2019ann\u00e9e, je te parle des r\u00e9sidences et retraites c\u00e9ramiques. Ces 2 formats d&rsquo;\u00e9vasion t&rsquo;apporteront une parenth\u00e8se concr\u00e8te, avec des mains couvertes d\u2019argile et des id\u00e9es qui s\u2019\u00e9paississent comme une belle barbotine. <\/p>\n\n\n\n<p> Ici, je vais te partager des astuces pour r\u00e9server ton excursion \u2014 et surtout pour <strong>entretenir ce parfum de vacances<\/strong> sans perdre le fil de ta passion.<\/p>\n\n\n\n<h2 class=\"wp-block-heading\">R\u00e9sidences ou retraites c\u00e9ramique ?<\/h2>\n\n\n\n<p>Tu veux bloquer du temps pour toi et l&rsquo;argile avec une dose d&rsquo;\u00e9vasion? Tu as deux options :<\/p>\n\n\n\n<ul class=\"wp-block-list\">\n<li><strong>R\u00e9sidence c\u00e9ramique<\/strong> : tu bosses sur ton projet dans un lieu \u00e9quip\u00e9, souvent s\u00e9lection sur dossier, dur\u00e9e de 2 semaines \u00e0 3 mois (et plus).<\/li>\n\n\n\n<li><strong>Les retraites c\u00e9ramique<\/strong> : ce sont des programmes plus courts, orient\u00e9s apprentissage. Le calendrier est fixe et le paiement se fait \u00e0 l\u2019inscription.<\/li>\n<\/ul>\n\n\n\n<h3 class=\"wp-block-heading\">Dans ton cas :<\/h3>\n\n\n\n<p><strong>Va en r\u00e9sidence<\/strong> si tu as :<\/p>\n\n\n\n<ul class=\"wp-block-list\">\n<li>un <strong>projet clair<\/strong> (recherche, s\u00e9rie, installation) et besoin de moyens techniques (grands fours, impression 3D argile, moules, p\u00e2te papier, gaz\/\u00e9lec).<\/li>\n\n\n\n<li>l\u2019envie de <strong>vivre en studio<\/strong>, d\u2019\u00e9changer entre artistes, sans cursus p\u00e9dagogique.<\/li>\n\n\n\n<li>un <strong>dossier<\/strong> pr\u00eat (portfolio + texte de projet).<\/li>\n<\/ul>\n\n\n\n<p><strong>Va en retraite<\/strong> si tu veux :<\/p>\n\n\n\n<ul class=\"wp-block-list\">\n<li><strong>progresser vite<\/strong> avec un prof (tournage avanc\u00e9, cuisson bois, c\u00e9ladons, terre locale\u2026).<\/li>\n\n\n\n<li>un <strong>format court<\/strong>, dates fixes, ambiance \u201c\u00e9cole d\u2019\u00e9t\u00e9\u201d.<\/li>\n\n\n\n<li>une <strong>destination<\/strong> qui nourrit (Toscane, Bali, \u00eeles grecques).<\/li>\n<\/ul>\n\n\n\n<p><strong>Checklist \u00e9quipement cl\u00e9 \u00e0 v\u00e9rifier<\/strong> avant de choisir ton lieu:<br>Fours (\u00e9lec\/gaz\/bois), volumes maxi, cycles disponibles, tours\/presses, moules, labo \u00e9mail, mati\u00e8res premi\u00e8res, stockage, logistique de cuisson, aide technique, h\u00e9bergement, acc\u00e8s 24\/7, assurance, conditions de s\u00e9curit\u00e9, options d\u2019exposition\/vente, et <strong>co\u00fbts pr\u00e9cis<\/strong> (studio, logement, mat\u00e9riaux, cuissons).<\/p>\n\n\n\n<h2 class=\"wp-block-heading\">Les r\u00e9sidences c\u00e9ramique<\/h2>\n\n\n\n<p>Si les r\u00e9sidences d&rsquo;artiste et plus particuli\u00e8rement les r\u00e9sidences c\u00e9ramique t&rsquo;int\u00e9resse, tu devrais trouver ton bonheur ici. <strong><a href=\"https:\/\/resartis.org\/\" target=\"_blank\" rel=\"noreferrer noopener\">Ce site<\/a> <\/strong>regroupe toutes les r\u00e9sidences du monde entier !<\/p>\n\n\n\n<p>Si tu cherches des r\u00e9sidences d&rsquo;artiste en France, <strong><a href=\"https:\/\/www.artsenresidence.fr\/\" target=\"_blank\" rel=\"noreferrer noopener\">je t&rsquo;invite \u00e0 consulter celui-ci<\/a><\/strong> !<\/p>\n\n\n\n<h3 class=\"wp-block-heading\">Financer ses r\u00e9sidences d&rsquo;artiste<\/h3>\n\n\n\n<h4 class=\"wp-block-heading\">Les r\u00e9sidences payantes<\/h4>\n\n\n\n<ul class=\"wp-block-list\">\n<li><strong>Ce qui est g\u00e9n\u00e9ralement inclus<\/strong> : poste de travail, acc\u00e8s aux fours\/\u00e9quipements, parfois un accompagnement technique minimal.<\/li>\n\n\n\n<li><strong>Ce qui reste \u00e0 ta charge<\/strong> : logement, transport, mat\u00e9riaux, cuissons, assurance, exp\u00e9dition des pi\u00e8ces, repas.<\/li>\n\n\n\n<li><strong>Pour qui<\/strong> : quand tu veux une <strong>p\u00e9riode d\u2019immersion<\/strong> s\u00fbre (peu de s\u00e9lection) pour pousser une technique pr\u00e9cise ou produire un corpus.<\/li>\n<\/ul>\n\n\n\n<h4 class=\"wp-block-heading\">Mod\u00e8le mixte (partiellement subventionn\u00e9)<\/h4>\n\n\n\n<ul class=\"wp-block-list\">\n<li><strong>Inclus<\/strong> : studio + parfois logement \u00e0 tarif r\u00e9duit ; le reste est \u00e0 tes frais (mat\u00e9riaux, cuissons).<\/li>\n\n\n\n<li><strong>Pour qui<\/strong> : si tu veux <strong>bon rapport co\u00fbt\/moyens<\/strong> mis \u00e0 disposition.<\/li>\n<\/ul>\n\n\n\n<h4 class=\"wp-block-heading\">R\u00e9sidences financ\u00e9es<\/h4>\n\n\n\n<ul class=\"wp-block-list\">\n<li><strong>Inclus<\/strong> : acc\u00e8s au studio de pratique, logement, mat\u00e9riaux de base, parfois prise en charge d\u2019une partie du transport.<\/li>\n\n\n\n<li><strong>S\u00e9lection<\/strong> : <strong>dossier<\/strong> solide, coh\u00e9rence projet \u2194 on vous demandera cependant de donner des cours, ou de r\u00e9aliser des pi\u00e8ces pour la r\u00e9sidence.<\/li>\n\n\n\n<li><strong>Pour qui<\/strong> : si tu as un <strong>projet clair<\/strong> et un portfolio convaincant.<\/li>\n<\/ul>\n\n\n\n<p>Pour financer ces r\u00e9sidences, tu peux demander des aides de bourses publique de cr\u00e9ation\/recherche, mobilit\u00e9 internationale, projets arts visuels. Tu peux aussi demander des fonds de fondations priv\u00e9es. Tu peux sinon te l&rsquo;autofinancer ou demander du crowdfunding.<\/p>\n\n\n\n<h3 class=\"wp-block-heading\">Id\u00e9es de r\u00e9sidences c\u00e9ramique en europe<\/h3>\n\n\n\n<p><strong>Europe<\/strong><\/p>\n\n\n\n<ul class=\"wp-block-list\">\n<li><strong><a href=\"http:\/\/EKWC.nl\" target=\"_blank\" rel=\"noreferrer noopener\">Pays-Bas \u2014 EKWC (Oisterwijk)<\/a><\/strong> : R&amp;D c\u00e9ramique haut niveau, consultants techniques, grands formats. <\/li>\n\n\n\n<li><strong><a href=\"http:\/\/EKWC.nl\" target=\"_blank\" rel=\"noreferrer noopener\">Danemark \u2014 Guldagergaard (Sk\u00e6lsk\u00f8r)<\/a><\/strong> : communaut\u00e9 internationale, projets r\u00e9seau, bois\/gaz\/\u00e9lec. <\/li>\n\n\n\n<li><strong><a href=\"http:\/\/air-vallauris.org\" target=\"_blank\" rel=\"noreferrer noopener\">France \u2014 Vallauris <\/a><\/strong>: c\u0153ur historique de la c\u00e9ramique d\u2019art, programme continu 2026. <\/li>\n\n\n\n<li><strong><a href=\"https:\/\/www.skopartfoundation.org\/\" target=\"_blank\" rel=\"noreferrer noopener\">Gr\u00e8ce \u2014 Skopelos (\u00eeles Sporades) <\/a><\/strong>: inscription en mai 2026 pour r\u00e9sidence en 2027<\/li>\n\n\n\n<li><strong><a href=\"https:\/\/www.ceramics-berlin.de\/residency\/\" target=\"_blank\" rel=\"noreferrer noopener\">Allemagne \u2014 Center for Ceramics Berlin<\/a><\/strong> : r\u00e9sidence de projet en milieu urbain.<\/li>\n<\/ul>\n\n\n\n<p><strong>Asie<\/strong><\/p>\n\n\n\n<ul class=\"wp-block-list\">\n<li><strong><a href=\"https:\/\/www.sccp.jp\/air-en\/\">Japon \u2014 Shigaraki (Shiga)<\/a><\/strong> : grande tradition, ateliers + parc culturel, r\u00e9sidences longues.<\/li>\n\n\n\n<li><strong><a href=\"https:\/\/faguowenhua.com\/event\/appel-a-projets-2025-deuxieme-edition-du-programme-de-residence-en-metiers-dart-en-chine\/\" target=\"_blank\" rel=\"noreferrer noopener\">CN \u2014 Jingdezhen (Jiangxi)<\/a><\/strong> : capitale de la porcelaine, r\u00e9sidences Sanbao\/Taoxichuan.<\/li>\n\n\n\n<li><strong><a href=\"https:\/\/www.gayaceramic.com\/resident-artist-program\" target=\"_blank\" rel=\"noreferrer noopener\">Indon\u00e9sie \u2014 Bali (Ubud) : Gaya Ceramic<\/a><\/strong> : r\u00e9sidences + workshops, r\u00e9seau international. <\/li>\n<\/ul>\n\n\n\n<p><strong>Etats_unis<\/strong><\/p>\n\n\n\n<ul class=\"wp-block-list\">\n<li><strong><a href=\"https:\/\/archiebray.org\/residencies\" target=\"_blank\" rel=\"noreferrer noopener\">USA \u2014 Archie Bray (Montana)<\/a><\/strong> : r\u00e9sidences courte\/longue dur\u00e9e, grosse communaut\u00e9.<\/li>\n\n\n\n<li><strong><a href=\"https:\/\/www.jmkac.org\/arts-industry\">USA \u2014 Arts\/Industry Kohler (Wisconsin<\/a>)<\/strong> : <strong>pleinement financ\u00e9<\/strong>, 24\/7 en <strong>usine<\/strong> (pottery &amp; fonderie).<\/li>\n\n\n\n<li><strong><a href=\"https:\/\/medalta.org\/creativity\/miair\/\" target=\"_blank\" rel=\"noreferrer noopener\">CAN \u2014 Medalta (Alberta)<\/a><\/strong> : Monthly, Flex, Year-long, \u00e9cosyst\u00e8me mus\u00e9al + lodge. <\/li>\n<\/ul>\n\n\n\n<h2 class=\"wp-block-heading\">Id\u00e9es de retraites c\u00e9ramique<\/h2>\n\n\n\n<figure class=\"wp-block-image aligncenter size-full\"><img fetchpriority=\"high\" decoding=\"async\" width=\"600\" height=\"303\" src=\"https:\/\/le-bol.fr\/blog\/wp-content\/uploads\/2025\/08\/retraite-ceramique-meridiana.jpg\" alt=\"\" class=\"wp-image-15965\" srcset=\"https:\/\/le-bol.fr\/blog\/wp-content\/uploads\/2025\/08\/retraite-ceramique-meridiana.jpg 600w, https:\/\/le-bol.fr\/blog\/wp-content\/uploads\/2025\/08\/retraite-ceramique-meridiana-300x152.jpg 300w\" sizes=\"(max-width: 600px) 100vw, 600px\" \/><\/figure>\n\n\n\n<p><strong>Europe<\/strong><\/p>\n\n\n\n<ul class=\"wp-block-list\">\n<li><a href=\"https:\/\/lameridiana.fi.it\/\"><strong>La Meridiana (Toscane)<\/strong> :<\/a> <strong>1\u20132 semaines<\/strong> pour tous niveaux + <strong>programmes 3 mois<\/strong> ; le <strong>programme 2026 est publi\u00e9<\/strong> et <strong>les r\u00e9servations ouvrent le 1er juin<\/strong>.<\/li>\n\n\n\n<li><a href=\"https:\/\/www.cerdeirahomeforcreativity.com\/artist-residency\" target=\"_blank\" rel=\"noreferrer noopener\"><strong>Cerdeira (Portugal)<\/strong> <\/a>: intensifs mains-dans-la-terre, studio ouvert tard, groupes 6\u201310 pers.<\/li>\n\n\n\n<li><strong><a href=\"https:\/\/www.eltornbarcelona.com\" target=\"_blank\" rel=\"noreferrer noopener\">El Torn (Barcelone)<\/a><\/strong> : <strong>intensifs week-end \/ semaine<\/strong> + coworking si tu prolonges. <\/li>\n\n\n\n<li><strong><a href=\"https:\/\/www.leachpottery.com\/\">Leach Pottery (R.-U.) <\/a><\/strong>: propose m\u00eame un programme en famille !<\/li>\n<\/ul>\n\n\n\n<p><strong>Am\u00e9riques<\/strong><\/p>\n\n\n\n<ul class=\"wp-block-list\">\n<li><strong><a href=\"https:\/\/arrowmont.org\/about-workshops\" target=\"_blank\" rel=\"noreferrer noopener\">Arrowmont (Tennessee)<\/a><\/strong> : <strong>1 jour \u2192 2 semaines<\/strong>, c\u2019est la \u201cbase\u201d US pour reboot rapide.<\/li>\n\n\n\n<li><strong><a href=\"https:\/\/penland.org\">Penland (Caroline du Nord)<\/a><\/strong> : <strong>1\u20132 semaines<\/strong> l\u2019\u00e9t\u00e9 + <strong>8 semaines<\/strong> au printemps.<\/li>\n\n\n\n<li><strong><a href=\"https:\/\/www.andersonranch.org\/\" target=\"_blank\" rel=\"noreferrer noopener\">Anderson Ranch (Colorado)<\/a><\/strong> : catalogue riche (studio sessions, masterclasses).<\/li>\n\n\n\n<li><strong><a href=\"https:\/\/medalta.org\/\">Medalta (Canada)<\/a><\/strong> : <strong>workshops intensifs<\/strong> (5 jours typiquement) + formats r\u00e9sidences si tu veux rester. <\/li>\n<\/ul>\n\n\n\n<p><strong>Asie (hors Japon)<\/strong><\/p>\n\n\n\n<ul class=\"wp-block-list\">\n<li><a href=\"https:\/\/www.gayaceramic.com\/international-workshops\" target=\"_blank\" rel=\"noreferrer noopener\"><strong>Gaya Ceramic (Bali)<\/strong> <\/a>: <strong>2 semaines<\/strong>, roster international. <\/li>\n\n\n\n<li><strong>Jingdezhen, Chine<\/strong> : <strong>The Pottery Workshop<\/strong> (semaine par semaine, board &amp; studio) ; <strong><a href=\"https:\/\/auroartworld.org\/\">Taoxichuan\/Sanbao<\/a><\/strong> = plut\u00f4t r\u00e9sidences (8 semaines mini c\u00f4t\u00e9 Taoxichuan). <\/li>\n\n\n\n<li><strong><a href=\"https:\/\/en.ceramics.ntpc.gov.tw\/\" target=\"_blank\" rel=\"noreferrer noopener\">Yingge, Ta\u00efwan : r\u00e9sidence 3 mois<\/a><\/strong> du mus\u00e9e (cadre mus\u00e9al + r\u00e9seau Asie).<\/li>\n<\/ul>\n\n\n\n<p>Et bien s\u00fbr, tu as nos <strong><a href=\"https:\/\/le-bol.fr\/stage-ceramique\" target=\"_blank\" rel=\"noreferrer noopener\">semaines de stage \u00e9vasion<\/a><\/strong> que nous proposons chaque ann\u00e9e en Juin \/ Juillet, pour t&rsquo;offrir une bulle d&rsquo;air et de c\u00e9ramique pour te ressourcer et progresser !<\/p>\n\n\n\n<h2 class=\"wp-block-heading\">Focus sur le Japon<\/h2>\n\n\n\n<figure class=\"wp-block-image aligncenter size-full\"><img decoding=\"async\" width=\"650\" height=\"286\" src=\"https:\/\/le-bol.fr\/blog\/wp-content\/uploads\/2025\/08\/retraite-ceramique-japon.jpg\" alt=\"\" class=\"wp-image-15966\" srcset=\"https:\/\/le-bol.fr\/blog\/wp-content\/uploads\/2025\/08\/retraite-ceramique-japon.jpg 650w, https:\/\/le-bol.fr\/blog\/wp-content\/uploads\/2025\/08\/retraite-ceramique-japon-300x132.jpg 300w\" sizes=\"(max-width: 650px) 100vw, 650px\" \/><\/figure>\n\n\n\n<p><strong>Mino \/ Tajimi (Gifu)<\/strong> \u2014 <em>traditions, anagama, formats 2\u21926 semaines<\/em><\/p>\n\n\n\n<ul class=\"wp-block-list\">\n<li><strong><a href=\"https:\/\/www.kusanokashiragama.com\/\" target=\"_blank\" rel=\"noreferrer noopener\">Kusanokashiragama <\/a><\/strong>: 2, 4 ou <strong>6 semaines<\/strong>, contenus structur\u00e9s (tournage, gla\u00e7ures, cuisson) + options <strong>anagama<\/strong> (feu de bois). Les pages d\u00e9taillent programmes, jours off, et logistique (h\u00e9bergement inclus). <strong>2026 : cr\u00e9neaux ouverts<\/strong>. <\/li>\n\n\n\n<li><strong><a href=\"https:\/\/www.discovertajimi.com\/pottery-workshops\" target=\"_blank\" rel=\"noreferrer noopener\">Le site local confirme<\/a><\/strong> : <strong>cours 2\u21926 semaines<\/strong> avec parfois <strong>cuisson anagama<\/strong> dans les collines de Tajimi.<\/li>\n<\/ul>\n\n\n\n<p><strong>Mashiko (Tochigi)<\/strong> \u2014 <em>terre mingei, sc\u00e8nes locales actives<\/em><\/p>\n\n\n\n<ul class=\"wp-block-list\">\n<li><strong><a href=\"https:\/\/opulentjourneys.com.au\/tours\/japan-pottery-tour\/\" target=\"_blank\" rel=\"noreferrer noopener\">Plusieurs troad trips<\/a><\/strong> combinent <strong>3 jours de workshop \u00e0 Mashiko<\/strong> + modules ailleurs (ex. <strong>Bizen 2 jours<\/strong>). Regarde les offres 2026 type \u201cJapan Pottery Tour\u201d. <\/li>\n<\/ul>\n\n\n\n<p><strong>Partout au Japon<\/strong> \u2014 <em>paliste de r\u00e9sidence<\/em><\/p>\n\n\n\n<ul class=\"wp-block-list\">\n<li>Ce <a href=\"https:\/\/air-j.info\/en\/residence\/\" target=\"_blank\" rel=\"noreferrer noopener\"><strong>site internet<\/strong> <\/a>concentre des r\u00e9sidences 2\u201312 mois ; en parall\u00e8le, <strong>cours\/\u00e9v\u00e9nements publics<\/strong><\/li>\n<\/ul>\n\n\n\n<p><strong>5) Arita (Saga)<\/strong> \u2014 <em>porcelaine, r\u00e9seaux pros<\/em><\/p>\n\n\n\n<ul class=\"wp-block-list\">\n<li><a href=\"https:\/\/cri-arita.com\/\" target=\"_blank\" rel=\"noreferrer noopener\"><strong>Creative Residency Arita<\/strong> <\/a>: plut\u00f4t <strong>r\u00e9sidence<\/strong> (super si tu vises la porcelaine et le r\u00e9seau industriel local).<\/li>\n<\/ul>\n\n\n\n<h2 class=\"wp-block-heading\">C\u00e9cile Fouillade &amp; les r\u00e9sidences d&rsquo;artiste<\/h2>\n\n\n\n<figure class=\"wp-block-image aligncenter size-full\"><img decoding=\"async\" width=\"539\" height=\"367\" src=\"https:\/\/le-bol.fr\/blog\/wp-content\/uploads\/2025\/08\/vignette_siqou.jpg\" alt=\"\" class=\"wp-image-15967\" srcset=\"https:\/\/le-bol.fr\/blog\/wp-content\/uploads\/2025\/08\/vignette_siqou.jpg 539w, https:\/\/le-bol.fr\/blog\/wp-content\/uploads\/2025\/08\/vignette_siqou-300x204.jpg 300w\" sizes=\"(max-width: 539px) 100vw, 539px\" \/><\/figure>\n\n\n\n<p>C\u00e9cile Fouillade est une talentueuse c\u00e9ramiste qui a suivi de nombreuses r\u00e9sidences d&rsquo;artistes dans les pays polaires pour d\u00e9couvrir et \u00e9toffer sa pratique.<\/p>\n\n\n\n<h3 class=\"wp-block-heading\"><strong>Peux-tu raconter ta venue \u00e0 la c\u00e9ramique ?<\/strong><\/h3>\n\n\n\n<p>Apr\u00e8s le bac, j\u2019ai fait une pr\u00e9pa \u00e0 Paris, puis l\u2019\u00c9cole sup\u00e9rieure d\u2019art \u00e0 \u00c9pinal (Vosges), avec un DNAT mention design graphique. Sur le papier je voulais dessiner\u2026 en r\u00e9alit\u00e9, j\u2019ai surtout travaill\u00e9 le <strong>volume<\/strong>. Je me suis int\u00e9ress\u00e9e aux <strong>artistes et \u00e9crivains voyageurs<\/strong>, aux artistes <strong>marcheurs<\/strong> : des pratiques o\u00f9 le d\u00e9placement (r\u00e9el ou imaginaire) nourrit l\u2019\u0153uvre.<br>J\u2019ai lu des r\u00e9cits d\u2019explorateurs, de photographes animaliers en r\u00e9gions polaires. \u00c7a a infus\u00e9. J\u2019ai d\u2019abord traduit \u00e7a avec <strong>le papier<\/strong> (blancs, gaufrages, \u00e9paisseurs), puis <strong>le bois<\/strong>. J\u2019ai r\u00e9alis\u00e9 une <strong>installation en sucre et en sel<\/strong> (les visiteurs marchaient, dessinaient dedans) pour symboliser un <strong>territoire fragile<\/strong> type Arctique\/Antarctique, lentement ab\u00eem\u00e9 par l\u2019humain. J\u2019aimais l\u2019id\u00e9e, mais le papier restait trop \u00e9ph\u00e9m\u00e8re. La <strong>c\u00e9ramique<\/strong> m\u2019a attir\u00e9e pour <strong>le toucher<\/strong> et <strong>la durabilit\u00e9<\/strong>.<\/p>\n\n\n\n<h3 class=\"wp-block-heading\"><strong>Tu t\u2019es ensuite form\u00e9e en c\u00e9ramique ?<\/strong><\/h3>\n\n\n\n<p>Oui, un <strong>BMA c\u00e9ramique<\/strong> (tournage, \u00e9mail, modelage, d\u00e9cors). C\u2019\u00e9tait mon premier bagage technique. Mon prof de tournage, <strong>Val\u00e9rie Maillot<\/strong>, m\u2019a conseill\u00e9 la <strong>Maison de la C\u00e9ramique de Dieulefit<\/strong> : une <strong>ann\u00e9e<\/strong> tr\u00e8s riche, beaucoup de <strong>stages chez des potiers<\/strong> pendant les vacances scolaires, et un large <strong>panel de techniques<\/strong>. Je la recommande : \u00e7a donne de la mati\u00e8re concr\u00e8te pour d\u00e9marrer un atelier.<\/p>\n\n\n\n<h3 class=\"wp-block-heading\"><strong>Tu travailles surtout la porcelaine. Pourquoi ?<\/strong><\/h3>\n\n\n\n<p><br>\u00c0 Dieulefit, j\u2019ai pu <strong>vraiment<\/strong> toucher la porcelaine (terre plus co\u00fbteuse, pas partout disponible). J\u2019ai trouv\u00e9 <strong>ma<\/strong> mati\u00e8re : <strong>translucide<\/strong>, <strong>solide<\/strong> et <strong>fragile<\/strong> \u00e0 la fois, <strong>capricieuse<\/strong> (fissures possibles), avec des <strong>asp\u00e9rit\u00e9s<\/strong> qui me rappellent la <strong>glace<\/strong>. Mon int\u00e9r\u00eat pour les p\u00f4les m\u2019a men\u00e9e\u2026 \u00e0 la porcelaine.<\/p>\n\n\n\n<h3 class=\"wp-block-heading\"><strong>Probl\u00e8mes classiques : fissures, d\u00e9formations\u2026 comment tu g\u00e8res ?<\/strong><\/h3>\n\n\n\n<p>Je travaille <strong>lentement<\/strong>. Mon <strong>s\u00e9chage est extr\u00eamement lent<\/strong> : pi\u00e8ces <strong>sous plastique<\/strong>, je d\u00e9couvre petit \u00e0 petit, je couvre les zones non travaill\u00e9es. Sur une pi\u00e8ce, je peux passer <strong>un \u00e0 deux mois<\/strong>.<br>R\u00e9sultat : <strong>peu de fissures<\/strong> chez moi. Le vrai sujet, ce sont plut\u00f4t les <strong>d\u00e9formations<\/strong> \u00e0 la sortie du four. Le secret reste le <strong>lent-lent-lent<\/strong>. M\u00eame sur une pi\u00e8ce \u00e9paisse r\u00e9alis\u00e9e vite : on ralentit le s\u00e9chage.<\/p>\n\n\n\n<h3 class=\"wp-block-heading\"><strong>Tu \u201cpastilles\u201d beaucoup. Comment tu t\u2019y prends ?<\/strong><\/h3>\n\n\n\n<figure class=\"wp-block-image aligncenter size-full\"><img loading=\"lazy\" decoding=\"async\" width=\"350\" height=\"444\" src=\"https:\/\/le-bol.fr\/blog\/wp-content\/uploads\/2025\/08\/residence-ceramique-piece.jpg\" alt=\"\" class=\"wp-image-15968\" srcset=\"https:\/\/le-bol.fr\/blog\/wp-content\/uploads\/2025\/08\/residence-ceramique-piece.jpg 350w, https:\/\/le-bol.fr\/blog\/wp-content\/uploads\/2025\/08\/residence-ceramique-piece-236x300.jpg 236w\" sizes=\"(max-width: 350px) 100vw, 350px\" \/><\/figure>\n\n\n\n<p><br>Je r\u00e9alise mes <strong>petits \u00e9l\u00e9ments un par un<\/strong>, puis je les <strong>colle<\/strong> \u00e0 la <strong><a href=\"https:\/\/le-bol.fr\/blog\/lexique\/barbotine-ceramique\/\">barbotine<\/a> de <a href=\"https:\/\/le-bol.fr\/blog\/le-guide-de-la-porcelaine\/\">porcelaine<\/a><\/strong> avec <strong>un peu de vinaigre<\/strong> pour l\u2019adh\u00e9rence. Je pose \u00e7a \u00e0 un <strong>\u00e9tat proche du cuir<\/strong> : ni trop humide, ni trop sec.<br><strong>Manipulation<\/strong> : j\u2019avance <strong>par zones<\/strong>, je <strong>prot\u00e8ge<\/strong> ce qui n\u2019est pas travaill\u00e9. Lenteur et <strong>ordre de gestes<\/strong> \u00e9vitent la casse avant cuisson.<\/p>\n\n\n\n<h3 class=\"wp-block-heading\"><strong>Tu colores ta porcelaine. Comment ?<\/strong><\/h3>\n\n\n\n<p><br>Avec des <strong>pigments r\u00e9fractaires<\/strong> (et des <strong>oxydes<\/strong> en tests). L\u2019<strong>id\u00e9al<\/strong>, c\u2019est de <strong>m\u00e9langer en barbotine<\/strong> (terre liquide), puis <strong>laisser \u00e9paissir<\/strong> jusqu\u2019\u00e0 l\u2019\u00e9tat plastique. En pratique, je <strong>m\u00e9lange souvent en plastique<\/strong> : je garde ma patience pour le modelage.<br>Le multi-couleurs impose des <strong>pauses<\/strong> et des <strong>choix<\/strong> : quelle teinte, quel rythme dans la pi\u00e8ce.<\/p>\n\n\n\n<h3 class=\"wp-block-heading\"><strong> Combien de temps pour une pi\u00e8ce ?<\/strong><\/h3>\n\n\n\n<p><br><strong>Un \u00e0 deux mois<\/strong>, selon taille\/\u00e9paisseur\/couleurs. En <strong>\u00e9t\u00e9<\/strong>, je bosse en <strong>sessions longues<\/strong> pour \u00e9viter que \u00e7a ne s\u00e8che trop vite. Parfois, <strong>jours entiers<\/strong> sans pause sur plusieurs week-ends pour finir avant le point de non-retour.<\/p>\n\n\n\n<h3 class=\"wp-block-heading\"><strong>Ton style est tr\u00e8s affirm\u00e9. \u00c9vidence ou chemin ?<\/strong><\/h3>\n\n\n\n<p><br>Les <strong>p\u00f4les<\/strong> ont \u00e9t\u00e9 mon <strong>point d\u2019ancrage<\/strong> d\u00e8s \u00c9pinal. \u00c7a m\u2019a men\u00e9e \u00e0 la <strong>porcelaine<\/strong>, puis aux <strong>voyages<\/strong> et <strong>r\u00e9sidences<\/strong>. Je suis partie <strong>avant <a href=\"https:\/\/le-bol.fr\/blog\/atelier-de-ceramique\/\">d\u2019ouvrir mon atelier,<\/a><\/strong> sans objectif fig\u00e9 : voir ce que \u00e7a change vraiment.<br>La <strong>premi\u00e8re r\u00e9sidence<\/strong> m\u2019a <strong>boulevers\u00e9e<\/strong>. C\u2019est elle qui a ancr\u00e9 le travail que je fais aujourd\u2019hui.<\/p>\n\n\n\n<h3 class=\"wp-block-heading\"><strong>Comment tu as d\u00e9couvert les r\u00e9sidences c\u00e9ramique ?<\/strong><\/h3>\n\n\n\n<p><br>En <strong>cherchant sur Internet<\/strong>. J\u2019ai trouv\u00e9 des <strong>annuaires<\/strong> de r\u00e9sidences, par continents et disciplines. Je suis tomb\u00e9e sur une <strong>r\u00e9sidence au Groenland<\/strong>\u2026 sur un <strong>ancien remorqueur pris dans la glace<\/strong>.<br>Ils faisaient un <strong>vernissage \u00e0 Marseille<\/strong> : j\u2019y suis all\u00e9e, j\u2019ai rencontr\u00e9 l\u2019\u00e9quipe, j\u2019ai <strong>d\u00e9pos\u00e9 un dossier<\/strong>. J\u2019ai \u00e9t\u00e9 <strong>prise<\/strong> (de justesse) : la c\u00e9ramique, c\u2019est lourd, pas id\u00e9al pour voyager. Mais j\u2019ai tent\u00e9.<\/p>\n\n\n\n<h3 class=\"wp-block-heading\"><strong>Raconte cette premi\u00e8re r\u00e9sidence<\/strong> <\/h3>\n\n\n\n<p><br><strong>C\u00f4te ouest du Groenland<\/strong>, un <strong>bateau fig\u00e9<\/strong> dans la banquise, <strong>plusieurs artistes<\/strong> (graveuse, dessinatrice, chanteuse\u2026). On s\u2019est nourries des <strong>paysages<\/strong>, de la <strong>culture inuite<\/strong> (proche d\u2019un village), de la <strong>faune<\/strong>. L\u00e0-bas, la <strong>mati\u00e8re animale<\/strong> est <strong>vitale<\/strong> et <strong>sacr\u00e9e<\/strong> (peaux, os).<br>J\u2019ai voulu <strong>sculpter ce \u201csacr\u00e9\u201d<\/strong> avec <strong>ma<\/strong> mati\u00e8re : la <strong>porcelaine<\/strong>. Pour cela, j\u2019ai <strong>emport\u00e9 de la terre<\/strong>, fait des <strong>tests de cong\u00e9lation\/d\u00e9cong\u00e9lation<\/strong> : \u00e7a a donn\u00e9 des <strong>craquelures<\/strong> qui m\u2019\u00e9voquent la glace. Enfin j\u2019ai model\u00e9 des <strong>\u201cossements\u201d<\/strong>, des <strong>textures de fourrure<\/strong> (certaines n\u2019ont pas surv\u00e9cu au retour).<br><strong>Dur\u00e9e<\/strong> : environ <strong>un mois<\/strong>. Assez pour <strong>s\u2019immerger<\/strong>. J\u2019aurais aim\u00e9 rester plus.<\/p>\n\n\n\n<h3 class=\"wp-block-heading\"><strong>Comment finances-tu les r\u00e9sidences d&rsquo;artiste ?<\/strong><\/h3>\n\n\n\n<p>J\u2019ai pris un <strong>deuxi\u00e8me job<\/strong> \u201calimentaire\u201d pour <strong>mettre de c\u00f4t\u00e9<\/strong>. Certaines artistes trouvent des <strong>sponsors<\/strong> (mais c\u2019est long, al\u00e9atoire). On a aussi fait un <strong>crowdfunding<\/strong> sur une autre r\u00e9sidence, avec <strong>contreparties<\/strong> en c\u00e9ramique : \u00e7a marche si tu t\u2019y prends <strong>t\u00f4t<\/strong>. Je pr\u00e9f\u00e8re les <strong>leviers que je ma\u00eetrise<\/strong> (job, financement participatif) plut\u00f4t que d\u2019attendre un \u201coui\u201d hypoth\u00e9tique.<\/p>\n\n\n\n<h3 class=\"wp-block-heading\"><strong>Tu as renouvel\u00e9 l\u2019exp\u00e9rience des r\u00e9sidences c\u00e9ramique ?<\/strong><\/h3>\n\n\n\n<p><br>Oui. Je n\u2019ai fait <strong>que des r\u00e9sidences sur bateaux<\/strong> apr\u00e8s celle du remorqueur fig\u00e9.<\/p>\n\n\n\n<ul class=\"wp-block-list\">\n<li><strong>2021 \u2014 Norv\u00e8ge (\u00eeles Lofoten)<\/strong> : ancien <strong>bateau m\u00e9t\u00e9o<\/strong>, paysages, faune ; <strong>nuit totale<\/strong> (ambiance tr\u00e8s diff\u00e9rente).<\/li>\n\n\n\n<li><strong>Ann\u00e9e suivante \u2014 Voilier \u201c\u00e9cologique\u201d<\/strong> vers le <strong>Groenland<\/strong> : <strong>solaire + vent<\/strong>, <strong>silence<\/strong> (pas de moteur), on <strong>observe sans d\u00e9ranger<\/strong>. L\u2019<strong>arriv\u00e9e<\/strong> parmi la <strong>glace flottante<\/strong> qui frotte la coque : inoubliable. <strong>Rencontres<\/strong> avec des <strong>communaut\u00e9s<\/strong> groenlandaises (on a vu des <strong>pots<\/strong> travaill\u00e9s, etc.).<\/li>\n\n\n\n<li><strong>\u00c0 venir (ao\u00fbt)<\/strong> \u2014 <strong>Tara<\/strong>, voilier d\u2019<strong>exp\u00e9dition scientifique<\/strong> : ils embarquent des artistes tous les <strong>2\u20133 ans<\/strong>. Mon projet portera sur le <strong>microbiome marin<\/strong>, les effets du <strong>r\u00e9chauffement<\/strong> et des <strong>plastiques<\/strong>. Je ne sais pas ce qui en sortira \u2014 h\u00e2te d\u2019y \u00eatre.<\/li>\n<\/ul>\n\n\n\n<h3 class=\"wp-block-heading\"><strong>Des livres\/personnes qui t\u2019ont inspir\u00e9e ?<\/strong><\/h3>\n\n\n\n<p><br>En roman, <strong><em>De pierre et d\u2019os<\/em><\/strong> (B\u00e9reng\u00e8re Cournut) : pour <strong>d\u00e9couvrir la culture groenlandaise<\/strong>, la place des <strong>femmes<\/strong>, la <strong>duret\u00e9<\/strong> et le <strong>chamanisme<\/strong>. On a l\u2019impression d\u2019y \u00eatre. C&rsquo;est un <strong>voyage imaginaire<\/strong> quand on ne peut pas partir.<\/p>\n\n\n\n<h3 class=\"wp-block-heading\"><strong>Trois conseils \u00e0 quelqu\u2019un qui veut suivre ta voie ?<\/strong><br><\/h3>\n\n\n\n<ol class=\"wp-block-list\">\n<li><strong>Accepte la lenteur<\/strong> (s\u00e9chage <strong>tr\u00e8s lent<\/strong>, travail <strong>par zones<\/strong>, prot\u00e8ge toujours ce que tu ne travailles pas).<\/li>\n\n\n\n<li><strong>Teste<\/strong> (<strong><a href=\"https:\/\/le-bol.fr\/blog\/anse-poterie\/\">barbotine + un peu de vinaigre <\/a><\/strong>pour le pastillage, <strong>\u00e9tat cuir<\/strong> pour coller, et documente tes <strong>variantes<\/strong>).<\/li>\n\n\n\n<li><strong>Pars<\/strong> en <strong>r\u00e9sidence<\/strong> quand tu peux : un <strong>mois<\/strong> change ta pratique. C\u00f4t\u00e9 financement, <strong>pr\u00e9vois t\u00f4t<\/strong>, mixe <strong>\u00e9pargne\/job<\/strong> et <strong>crowdfunding<\/strong> si besoin.<\/li>\n<\/ol>\n\n\n\n<figure class=\"wp-block-embed is-type-video is-provider-youtube wp-block-embed-youtube wp-embed-aspect-16-9 wp-has-aspect-ratio\"><div class=\"wp-block-embed__wrapper\">\n<iframe title=\"Un univers polaire - C\u00e9cile Fouillade\" width=\"800\" height=\"450\" src=\"https:\/\/www.youtube.com\/embed\/4N7Pcc3FCQs?feature=oembed\" frameborder=\"0\" allow=\"accelerometer; autoplay; clipboard-write; encrypted-media; gyroscope; picture-in-picture; web-share\" referrerpolicy=\"strict-origin-when-cross-origin\" allowfullscreen><\/iframe>\n<\/div><\/figure>\n\n\n\n<p>J&rsquo;esp\u00e8re que cet article te donne l&rsquo;envie et les cl\u00e9s de continuer \u00e0 explorer la c\u00e9ramique \u00e0 l&rsquo;\u00e9tranger. Si tu as trouv\u00e9 de ton c\u00f4t\u00e9 d&rsquo;autres pistes de retraites ou de r\u00e9sidences c\u00e9ramique \u00e0 l&rsquo;\u00e9tranger, dis-nous, nous sommes preneuses !!<\/p>\n","protected":false},"excerpt":{"rendered":"<p>Les vacances se terminent mais si tu veux garder un peu d\u2019\u00e9vasion au c\u0153ur de l\u2019ann\u00e9e, je te parle des r\u00e9sidences et retraites c\u00e9ramiques. Ces 2 formats d&rsquo;\u00e9vasion t&rsquo;apporteront une parenth\u00e8se concr\u00e8te, avec des mains couvertes d\u2019argile et des id\u00e9es qui s\u2019\u00e9paississent comme une belle barbotine. Ici, je vais te partager des astuces pour r\u00e9server ton excursion \u2014 et surtout pour entretenir ce parfum de vacances sans perdre le fil de ta passion. R\u00e9sidences ou retraites c\u00e9ramique ? Tu veux bloquer du temps pour toi et l&rsquo;argile avec une dose d&rsquo;\u00e9vasion? Tu as deux options : Dans ton cas : Va en r\u00e9sidence si tu as : Va en retraite si tu veux : Checklist \u00e9quipement cl\u00e9 \u00e0 v\u00e9rifier avant de choisir ton lieu:Fours (\u00e9lec\/gaz\/bois), volumes maxi, cycles disponibles, tours\/presses, moules, labo \u00e9mail, mati\u00e8res premi\u00e8res, stockage, logistique de cuisson, aide technique, h\u00e9bergement, acc\u00e8s 24\/7, assurance, conditions de s\u00e9curit\u00e9, options d\u2019exposition\/vente, et co\u00fbts pr\u00e9cis (studio, logement, mat\u00e9riaux, cuissons). Les r\u00e9sidences c\u00e9ramique Si les r\u00e9sidences d&rsquo;artiste et plus particuli\u00e8rement les r\u00e9sidences c\u00e9ramique t&rsquo;int\u00e9resse, tu devrais trouver ton bonheur ici. Ce site regroupe toutes les r\u00e9sidences du monde entier ! Si tu cherches des r\u00e9sidences d&rsquo;artiste en France, je t&rsquo;invite \u00e0 consulter celui-ci ! Financer ses r\u00e9sidences d&rsquo;artiste Les r\u00e9sidences payantes Mod\u00e8le mixte (partiellement subventionn\u00e9) R\u00e9sidences financ\u00e9es Pour financer ces r\u00e9sidences, tu peux demander des aides de bourses publique de cr\u00e9ation\/recherche, mobilit\u00e9 internationale, projets arts visuels. Tu peux aussi demander des fonds de fondations priv\u00e9es. Tu peux sinon te l&rsquo;autofinancer ou demander du crowdfunding. Id\u00e9es de r\u00e9sidences c\u00e9ramique en europe Europe Asie Etats_unis Id\u00e9es de retraites c\u00e9ramique Europe Am\u00e9riques Asie (hors Japon) Et bien s\u00fbr, tu as nos semaines de stage \u00e9vasion que nous proposons chaque ann\u00e9e en Juin \/ Juillet, pour t&rsquo;offrir une bulle d&rsquo;air et de c\u00e9ramique pour te ressourcer et progresser ! Focus sur le Japon Mino \/ Tajimi (Gifu) \u2014 traditions, anagama, formats 2\u21926 semaines Mashiko (Tochigi) \u2014 terre mingei, sc\u00e8nes locales actives Partout au Japon \u2014 paliste de r\u00e9sidence 5) Arita (Saga) \u2014 porcelaine, r\u00e9seaux pros C\u00e9cile Fouillade &amp; les r\u00e9sidences d&rsquo;artiste C\u00e9cile Fouillade est une talentueuse c\u00e9ramiste qui a suivi de nombreuses r\u00e9sidences d&rsquo;artistes dans les pays polaires pour d\u00e9couvrir et \u00e9toffer sa pratique. Peux-tu raconter ta venue \u00e0 la c\u00e9ramique ? Apr\u00e8s le bac, j\u2019ai fait une pr\u00e9pa \u00e0 Paris, puis l\u2019\u00c9cole sup\u00e9rieure d\u2019art \u00e0 \u00c9pinal (Vosges), avec un DNAT mention design graphique. Sur le papier je voulais dessiner\u2026 en r\u00e9alit\u00e9, j\u2019ai surtout travaill\u00e9 le volume. Je me suis int\u00e9ress\u00e9e aux artistes et \u00e9crivains voyageurs, aux artistes marcheurs : des pratiques o\u00f9 le d\u00e9placement (r\u00e9el ou imaginaire) nourrit l\u2019\u0153uvre.J\u2019ai lu des r\u00e9cits d\u2019explorateurs, de photographes animaliers en r\u00e9gions polaires. \u00c7a a infus\u00e9. J\u2019ai d\u2019abord traduit \u00e7a avec le papier (blancs, gaufrages, \u00e9paisseurs), puis le bois. J\u2019ai r\u00e9alis\u00e9 une installation en sucre et en sel (les visiteurs marchaient, dessinaient dedans) pour symboliser un territoire fragile type Arctique\/Antarctique, lentement ab\u00eem\u00e9 par l\u2019humain. J\u2019aimais l\u2019id\u00e9e, mais le papier restait trop \u00e9ph\u00e9m\u00e8re. La c\u00e9ramique m\u2019a attir\u00e9e pour le toucher et la durabilit\u00e9. Tu t\u2019es ensuite form\u00e9e en c\u00e9ramique ? Oui, un BMA c\u00e9ramique (tournage, \u00e9mail, modelage, d\u00e9cors). C\u2019\u00e9tait mon premier bagage technique. Mon prof de tournage, Val\u00e9rie Maillot, m\u2019a conseill\u00e9 la Maison de la C\u00e9ramique de Dieulefit : une ann\u00e9e tr\u00e8s riche, beaucoup de stages chez des potiers pendant les vacances scolaires, et un large panel de techniques. Je la recommande : \u00e7a donne de la mati\u00e8re concr\u00e8te pour d\u00e9marrer un atelier. Tu travailles surtout la porcelaine. Pourquoi ? \u00c0 Dieulefit, j\u2019ai pu vraiment toucher la porcelaine (terre plus co\u00fbteuse, pas partout disponible). J\u2019ai trouv\u00e9 ma mati\u00e8re : translucide, solide et fragile \u00e0 la fois, capricieuse (fissures possibles), avec des asp\u00e9rit\u00e9s qui me rappellent la glace. Mon int\u00e9r\u00eat pour les p\u00f4les m\u2019a men\u00e9e\u2026 \u00e0 la porcelaine. Probl\u00e8mes classiques : fissures, d\u00e9formations\u2026 comment tu g\u00e8res ? Je travaille lentement. Mon s\u00e9chage est extr\u00eamement lent : pi\u00e8ces sous plastique, je d\u00e9couvre petit \u00e0 petit, je couvre les zones non travaill\u00e9es. Sur une pi\u00e8ce, je peux passer un \u00e0 deux mois.R\u00e9sultat : peu de fissures chez moi. Le vrai sujet, ce sont plut\u00f4t les d\u00e9formations \u00e0 la sortie du four. Le secret reste le lent-lent-lent. M\u00eame sur une pi\u00e8ce \u00e9paisse r\u00e9alis\u00e9e vite : on ralentit le s\u00e9chage. Tu \u201cpastilles\u201d beaucoup. Comment tu t\u2019y prends ? Je r\u00e9alise mes petits \u00e9l\u00e9ments un par un, puis je les colle \u00e0 la barbotine de porcelaine avec un peu de vinaigre pour l\u2019adh\u00e9rence. Je pose \u00e7a \u00e0 un \u00e9tat proche du cuir : ni trop humide, ni trop sec.Manipulation : j\u2019avance par zones, je prot\u00e8ge ce qui n\u2019est pas travaill\u00e9. Lenteur et ordre de gestes \u00e9vitent la casse avant cuisson. Tu colores ta porcelaine. Comment ? Avec des pigments r\u00e9fractaires (et des oxydes en tests). L\u2019id\u00e9al, c\u2019est de m\u00e9langer en barbotine (terre liquide), puis laisser \u00e9paissir jusqu\u2019\u00e0 l\u2019\u00e9tat plastique. En pratique, je m\u00e9lange souvent en plastique : je garde ma patience pour le modelage.Le multi-couleurs impose des pauses et des choix : quelle teinte, quel rythme dans la pi\u00e8ce. Combien de temps pour une pi\u00e8ce ? Un \u00e0 deux mois, selon taille\/\u00e9paisseur\/couleurs. En \u00e9t\u00e9, je bosse en sessions longues pour \u00e9viter que \u00e7a ne s\u00e8che trop vite. Parfois, jours entiers sans pause sur plusieurs week-ends pour finir avant le point de non-retour. Ton style est tr\u00e8s affirm\u00e9. \u00c9vidence ou chemin ? Les p\u00f4les ont \u00e9t\u00e9 mon point d\u2019ancrage d\u00e8s \u00c9pinal. \u00c7a m\u2019a men\u00e9e \u00e0 la porcelaine, puis aux voyages et r\u00e9sidences. Je suis partie avant d\u2019ouvrir mon atelier, sans objectif fig\u00e9 : voir ce que \u00e7a change vraiment.La premi\u00e8re r\u00e9sidence m\u2019a boulevers\u00e9e. C\u2019est elle qui a ancr\u00e9 le travail que je fais aujourd\u2019hui. Comment tu as d\u00e9couvert les r\u00e9sidences c\u00e9ramique ? En cherchant sur Internet. J\u2019ai trouv\u00e9 des annuaires de r\u00e9sidences, par continents et disciplines. Je suis tomb\u00e9e sur une r\u00e9sidence au Groenland\u2026 sur un ancien remorqueur pris dans la glace.Ils faisaient un vernissage \u00e0 Marseille : j\u2019y suis all\u00e9e, j\u2019ai rencontr\u00e9 l\u2019\u00e9quipe, j\u2019ai d\u00e9pos\u00e9 un dossier. J\u2019ai \u00e9t\u00e9 prise (de justesse) : la c\u00e9ramique, c\u2019est<\/p>\n","protected":false},"author":1,"featured_media":15960,"comment_status":"open","ping_status":"open","sticky":false,"template":"","format":"standard","meta":{"_uag_custom_page_level_css":"","_lmt_disableupdate":"","_lmt_disable":"","footnotes":""},"categories":[41,74],"tags":[],"class_list":["post-15958","post","type-post","status-publish","format-standard","has-post-thumbnail","hentry","category-formation-metier-ceramiste","category-interview-ceramiste"],"yoast_head":"<!-- This site is optimized with the Yoast SEO plugin v26.8 - https:\/\/yoast.com\/product\/yoast-seo-wordpress\/ -->\n<title>Les r\u00e9sidences et retraites c\u00e9ramiques &#8211; LE BLOG DU BOL<\/title>\n<meta name=\"description\" content=\"Tu cherches des informations sur les retraites et les r\u00e9sidences c\u00e9ramiques ? Tu es au bon endroit pour trouver celle qui te correspond !\" \/>\n<meta name=\"robots\" content=\"index, follow, max-snippet:-1, max-image-preview:large, max-video-preview:-1\" \/>\n<link rel=\"canonical\" href=\"https:\/\/le-bol.fr\/blog\/retraites-residences-ceramique\/\" \/>\n<meta property=\"og:locale\" content=\"fr_FR\" \/>\n<meta property=\"og:type\" content=\"article\" \/>\n<meta property=\"og:title\" content=\"Les r\u00e9sidences et retraites c\u00e9ramiques &#8211; LE BLOG DU BOL\" \/>\n<meta property=\"og:description\" content=\"Tu cherches des informations sur les retraites et les r\u00e9sidences c\u00e9ramiques ? Tu es au bon endroit pour trouver celle qui te correspond !\" \/>\n<meta property=\"og:url\" content=\"https:\/\/le-bol.fr\/blog\/retraites-residences-ceramique\/\" \/>\n<meta property=\"og:site_name\" content=\"LE BLOG DU BOL\" \/>\n<meta property=\"article:published_time\" content=\"2026-04-27T20:17:23+00:00\" \/>\n<meta property=\"article:modified_time\" content=\"2026-04-27T20:17:25+00:00\" \/>\n<meta property=\"og:image\" content=\"https:\/\/le-bol.fr\/blog\/wp-content\/uploads\/2025\/08\/residence-ceramique.png\" \/>\n\t<meta property=\"og:image:width\" content=\"950\" \/>\n\t<meta property=\"og:image:height\" content=\"368\" \/>\n\t<meta property=\"og:image:type\" content=\"image\/png\" \/>\n<meta name=\"author\" content=\"Sarah\" \/>\n<meta name=\"twitter:card\" content=\"summary_large_image\" \/>\n<meta name=\"twitter:label1\" content=\"\u00c9crit par\" \/>\n\t<meta name=\"twitter:data1\" content=\"Sarah\" \/>\n\t<meta name=\"twitter:label2\" content=\"Dur\u00e9e de lecture estim\u00e9e\" \/>\n\t<meta name=\"twitter:data2\" content=\"12 minutes\" \/>\n<script type=\"application\/ld+json\" class=\"yoast-schema-graph\">{\"@context\":\"https:\/\/schema.org\",\"@graph\":[{\"@type\":\"Article\",\"@id\":\"https:\/\/le-bol.fr\/blog\/retraites-residences-ceramique\/#article\",\"isPartOf\":{\"@id\":\"https:\/\/le-bol.fr\/blog\/retraites-residences-ceramique\/\"},\"author\":{\"name\":\"Sarah\",\"@id\":\"https:\/\/le-bol.fr\/blog\/#\/schema\/person\/cec6a4af61408f0dc6d97d58e0334d9b\"},\"headline\":\"Les r\u00e9sidences et retraites c\u00e9ramiques\",\"datePublished\":\"2026-04-27T20:17:23+00:00\",\"dateModified\":\"2026-04-27T20:17:25+00:00\",\"mainEntityOfPage\":{\"@id\":\"https:\/\/le-bol.fr\/blog\/retraites-residences-ceramique\/\"},\"wordCount\":2327,\"commentCount\":2,\"publisher\":{\"@id\":\"https:\/\/le-bol.fr\/blog\/#\/schema\/person\/cec6a4af61408f0dc6d97d58e0334d9b\"},\"image\":{\"@id\":\"https:\/\/le-bol.fr\/blog\/retraites-residences-ceramique\/#primaryimage\"},\"thumbnailUrl\":\"https:\/\/le-bol.fr\/blog\/wp-content\/uploads\/2025\/08\/residence-ceramique.png\",\"articleSection\":[\"Formation &amp; M\u00e9tier\",\"Interviews &amp; Culture\"],\"inLanguage\":\"fr-FR\",\"potentialAction\":[{\"@type\":\"CommentAction\",\"name\":\"Comment\",\"target\":[\"https:\/\/le-bol.fr\/blog\/retraites-residences-ceramique\/#respond\"]}]},{\"@type\":\"WebPage\",\"@id\":\"https:\/\/le-bol.fr\/blog\/retraites-residences-ceramique\/\",\"url\":\"https:\/\/le-bol.fr\/blog\/retraites-residences-ceramique\/\",\"name\":\"Les r\u00e9sidences et retraites c\u00e9ramiques &#8211; LE BLOG DU BOL\",\"isPartOf\":{\"@id\":\"https:\/\/le-bol.fr\/blog\/#website\"},\"primaryImageOfPage\":{\"@id\":\"https:\/\/le-bol.fr\/blog\/retraites-residences-ceramique\/#primaryimage\"},\"image\":{\"@id\":\"https:\/\/le-bol.fr\/blog\/retraites-residences-ceramique\/#primaryimage\"},\"thumbnailUrl\":\"https:\/\/le-bol.fr\/blog\/wp-content\/uploads\/2025\/08\/residence-ceramique.png\",\"datePublished\":\"2026-04-27T20:17:23+00:00\",\"dateModified\":\"2026-04-27T20:17:25+00:00\",\"description\":\"Tu cherches des informations sur les retraites et les r\u00e9sidences c\u00e9ramiques ? Tu es au bon endroit pour trouver celle qui te correspond !\",\"breadcrumb\":{\"@id\":\"https:\/\/le-bol.fr\/blog\/retraites-residences-ceramique\/#breadcrumb\"},\"inLanguage\":\"fr-FR\",\"potentialAction\":[{\"@type\":\"ReadAction\",\"target\":[\"https:\/\/le-bol.fr\/blog\/retraites-residences-ceramique\/\"]}]},{\"@type\":\"ImageObject\",\"inLanguage\":\"fr-FR\",\"@id\":\"https:\/\/le-bol.fr\/blog\/retraites-residences-ceramique\/#primaryimage\",\"url\":\"https:\/\/le-bol.fr\/blog\/wp-content\/uploads\/2025\/08\/residence-ceramique.png\",\"contentUrl\":\"https:\/\/le-bol.fr\/blog\/wp-content\/uploads\/2025\/08\/residence-ceramique.png\",\"width\":950,\"height\":368},{\"@type\":\"BreadcrumbList\",\"@id\":\"https:\/\/le-bol.fr\/blog\/retraites-residences-ceramique\/#breadcrumb\",\"itemListElement\":[{\"@type\":\"ListItem\",\"position\":1,\"name\":\"Accueil\",\"item\":\"https:\/\/le-bol.fr\/blog\/\"},{\"@type\":\"ListItem\",\"position\":2,\"name\":\"Les r\u00e9sidences et retraites c\u00e9ramiques\"}]},{\"@type\":\"WebSite\",\"@id\":\"https:\/\/le-bol.fr\/blog\/#website\",\"url\":\"https:\/\/le-bol.fr\/blog\/\",\"name\":\"LE BLOG DU BOL\",\"description\":\"Donne vie \u00e0 la terre\",\"publisher\":{\"@id\":\"https:\/\/le-bol.fr\/blog\/#\/schema\/person\/cec6a4af61408f0dc6d97d58e0334d9b\"},\"potentialAction\":[{\"@type\":\"SearchAction\",\"target\":{\"@type\":\"EntryPoint\",\"urlTemplate\":\"https:\/\/le-bol.fr\/blog\/?s={search_term_string}\"},\"query-input\":{\"@type\":\"PropertyValueSpecification\",\"valueRequired\":true,\"valueName\":\"search_term_string\"}}],\"inLanguage\":\"fr-FR\"},{\"@type\":[\"Person\",\"Organization\"],\"@id\":\"https:\/\/le-bol.fr\/blog\/#\/schema\/person\/cec6a4af61408f0dc6d97d58e0334d9b\",\"name\":\"Sarah\",\"image\":{\"@type\":\"ImageObject\",\"inLanguage\":\"fr-FR\",\"@id\":\"https:\/\/le-bol.fr\/blog\/#\/schema\/person\/image\/\",\"url\":\"https:\/\/le-bol.fr\/blog\/wp-content\/uploads\/2023\/08\/logo-lebol.png\",\"contentUrl\":\"https:\/\/le-bol.fr\/blog\/wp-content\/uploads\/2023\/08\/logo-lebol.png\",\"width\":1067,\"height\":1071,\"caption\":\"Sarah\"},\"logo\":{\"@id\":\"https:\/\/le-bol.fr\/blog\/#\/schema\/person\/image\/\"},\"description\":\"Passionn\u00e9e du tournage de poterie, je me suis donn\u00e9 un objectif : vivre de ma passion! Ce blog a pour but de partager avec vous mes recherches, mes r\u00e9alisations, mes \u00e9checs et mes r\u00e9ussites. Bienvenue!\",\"sameAs\":[\"https:\/\/le-bol.fr\/blog\/\"]}]}<\/script>\n<!-- \/ Yoast SEO plugin. -->","yoast_head_json":{"title":"Les r\u00e9sidences et retraites c\u00e9ramiques &#8211; LE BLOG DU BOL","description":"Tu cherches des informations sur les retraites et les r\u00e9sidences c\u00e9ramiques ? Tu es au bon endroit pour trouver celle qui te correspond !","robots":{"index":"index","follow":"follow","max-snippet":"max-snippet:-1","max-image-preview":"max-image-preview:large","max-video-preview":"max-video-preview:-1"},"canonical":"https:\/\/le-bol.fr\/blog\/retraites-residences-ceramique\/","og_locale":"fr_FR","og_type":"article","og_title":"Les r\u00e9sidences et retraites c\u00e9ramiques &#8211; LE BLOG DU BOL","og_description":"Tu cherches des informations sur les retraites et les r\u00e9sidences c\u00e9ramiques ? Tu es au bon endroit pour trouver celle qui te correspond !","og_url":"https:\/\/le-bol.fr\/blog\/retraites-residences-ceramique\/","og_site_name":"LE BLOG DU BOL","article_published_time":"2026-04-27T20:17:23+00:00","article_modified_time":"2026-04-27T20:17:25+00:00","og_image":[{"width":950,"height":368,"url":"https:\/\/le-bol.fr\/blog\/wp-content\/uploads\/2025\/08\/residence-ceramique.png","type":"image\/png"}],"author":"Sarah","twitter_card":"summary_large_image","twitter_misc":{"\u00c9crit par":"Sarah","Dur\u00e9e de lecture estim\u00e9e":"12 minutes"},"schema":{"@context":"https:\/\/schema.org","@graph":[{"@type":"Article","@id":"https:\/\/le-bol.fr\/blog\/retraites-residences-ceramique\/#article","isPartOf":{"@id":"https:\/\/le-bol.fr\/blog\/retraites-residences-ceramique\/"},"author":{"name":"Sarah","@id":"https:\/\/le-bol.fr\/blog\/#\/schema\/person\/cec6a4af61408f0dc6d97d58e0334d9b"},"headline":"Les r\u00e9sidences et retraites c\u00e9ramiques","datePublished":"2026-04-27T20:17:23+00:00","dateModified":"2026-04-27T20:17:25+00:00","mainEntityOfPage":{"@id":"https:\/\/le-bol.fr\/blog\/retraites-residences-ceramique\/"},"wordCount":2327,"commentCount":2,"publisher":{"@id":"https:\/\/le-bol.fr\/blog\/#\/schema\/person\/cec6a4af61408f0dc6d97d58e0334d9b"},"image":{"@id":"https:\/\/le-bol.fr\/blog\/retraites-residences-ceramique\/#primaryimage"},"thumbnailUrl":"https:\/\/le-bol.fr\/blog\/wp-content\/uploads\/2025\/08\/residence-ceramique.png","articleSection":["Formation &amp; M\u00e9tier","Interviews &amp; Culture"],"inLanguage":"fr-FR","potentialAction":[{"@type":"CommentAction","name":"Comment","target":["https:\/\/le-bol.fr\/blog\/retraites-residences-ceramique\/#respond"]}]},{"@type":"WebPage","@id":"https:\/\/le-bol.fr\/blog\/retraites-residences-ceramique\/","url":"https:\/\/le-bol.fr\/blog\/retraites-residences-ceramique\/","name":"Les r\u00e9sidences et retraites c\u00e9ramiques &#8211; LE BLOG DU BOL","isPartOf":{"@id":"https:\/\/le-bol.fr\/blog\/#website"},"primaryImageOfPage":{"@id":"https:\/\/le-bol.fr\/blog\/retraites-residences-ceramique\/#primaryimage"},"image":{"@id":"https:\/\/le-bol.fr\/blog\/retraites-residences-ceramique\/#primaryimage"},"thumbnailUrl":"https:\/\/le-bol.fr\/blog\/wp-content\/uploads\/2025\/08\/residence-ceramique.png","datePublished":"2026-04-27T20:17:23+00:00","dateModified":"2026-04-27T20:17:25+00:00","description":"Tu cherches des informations sur les retraites et les r\u00e9sidences c\u00e9ramiques ? Tu es au bon endroit pour trouver celle qui te correspond !","breadcrumb":{"@id":"https:\/\/le-bol.fr\/blog\/retraites-residences-ceramique\/#breadcrumb"},"inLanguage":"fr-FR","potentialAction":[{"@type":"ReadAction","target":["https:\/\/le-bol.fr\/blog\/retraites-residences-ceramique\/"]}]},{"@type":"ImageObject","inLanguage":"fr-FR","@id":"https:\/\/le-bol.fr\/blog\/retraites-residences-ceramique\/#primaryimage","url":"https:\/\/le-bol.fr\/blog\/wp-content\/uploads\/2025\/08\/residence-ceramique.png","contentUrl":"https:\/\/le-bol.fr\/blog\/wp-content\/uploads\/2025\/08\/residence-ceramique.png","width":950,"height":368},{"@type":"BreadcrumbList","@id":"https:\/\/le-bol.fr\/blog\/retraites-residences-ceramique\/#breadcrumb","itemListElement":[{"@type":"ListItem","position":1,"name":"Accueil","item":"https:\/\/le-bol.fr\/blog\/"},{"@type":"ListItem","position":2,"name":"Les r\u00e9sidences et retraites c\u00e9ramiques"}]},{"@type":"WebSite","@id":"https:\/\/le-bol.fr\/blog\/#website","url":"https:\/\/le-bol.fr\/blog\/","name":"LE BLOG DU BOL","description":"Donne vie \u00e0 la terre","publisher":{"@id":"https:\/\/le-bol.fr\/blog\/#\/schema\/person\/cec6a4af61408f0dc6d97d58e0334d9b"},"potentialAction":[{"@type":"SearchAction","target":{"@type":"EntryPoint","urlTemplate":"https:\/\/le-bol.fr\/blog\/?s={search_term_string}"},"query-input":{"@type":"PropertyValueSpecification","valueRequired":true,"valueName":"search_term_string"}}],"inLanguage":"fr-FR"},{"@type":["Person","Organization"],"@id":"https:\/\/le-bol.fr\/blog\/#\/schema\/person\/cec6a4af61408f0dc6d97d58e0334d9b","name":"Sarah","image":{"@type":"ImageObject","inLanguage":"fr-FR","@id":"https:\/\/le-bol.fr\/blog\/#\/schema\/person\/image\/","url":"https:\/\/le-bol.fr\/blog\/wp-content\/uploads\/2023\/08\/logo-lebol.png","contentUrl":"https:\/\/le-bol.fr\/blog\/wp-content\/uploads\/2023\/08\/logo-lebol.png","width":1067,"height":1071,"caption":"Sarah"},"logo":{"@id":"https:\/\/le-bol.fr\/blog\/#\/schema\/person\/image\/"},"description":"Passionn\u00e9e du tournage de poterie, je me suis donn\u00e9 un objectif : vivre de ma passion! Ce blog a pour but de partager avec vous mes recherches, mes r\u00e9alisations, mes \u00e9checs et mes r\u00e9ussites. Bienvenue!","sameAs":["https:\/\/le-bol.fr\/blog\/"]}]}},"modified_by":"Sarah","uagb_featured_image_src":{"full":["https:\/\/le-bol.fr\/blog\/wp-content\/uploads\/2025\/08\/residence-ceramique.png",950,368,false],"thumbnail":["https:\/\/le-bol.fr\/blog\/wp-content\/uploads\/2025\/08\/residence-ceramique-150x150.png",150,150,true],"medium":["https:\/\/le-bol.fr\/blog\/wp-content\/uploads\/2025\/08\/residence-ceramique-300x116.png",300,116,true],"medium_large":["https:\/\/le-bol.fr\/blog\/wp-content\/uploads\/2025\/08\/residence-ceramique-768x297.png",768,297,true],"large":["https:\/\/le-bol.fr\/blog\/wp-content\/uploads\/2025\/08\/residence-ceramique.png",800,310,false],"1536x1536":["https:\/\/le-bol.fr\/blog\/wp-content\/uploads\/2025\/08\/residence-ceramique.png",950,368,false],"2048x2048":["https:\/\/le-bol.fr\/blog\/wp-content\/uploads\/2025\/08\/residence-ceramique.png",950,368,false]},"uagb_author_info":{"display_name":"Sarah","author_link":"https:\/\/le-bol.fr\/blog\/author\/lebol47310\/"},"uagb_comment_info":2,"uagb_excerpt":"Les vacances se terminent mais si tu veux garder un peu d\u2019\u00e9vasion au c\u0153ur de l\u2019ann\u00e9e, je te parle des r\u00e9sidences et retraites c\u00e9ramiques. Ces 2 formats d&rsquo;\u00e9vasion t&rsquo;apporteront une parenth\u00e8se concr\u00e8te, avec des mains couvertes d\u2019argile et des id\u00e9es qui s\u2019\u00e9paississent comme une belle barbotine. Ici, je vais te partager des astuces pour r\u00e9server\u2026","acf":[],"_links":{"self":[{"href":"https:\/\/le-bol.fr\/blog\/wp-json\/wp\/v2\/posts\/15958","targetHints":{"allow":["GET"]}}],"collection":[{"href":"https:\/\/le-bol.fr\/blog\/wp-json\/wp\/v2\/posts"}],"about":[{"href":"https:\/\/le-bol.fr\/blog\/wp-json\/wp\/v2\/types\/post"}],"author":[{"embeddable":true,"href":"https:\/\/le-bol.fr\/blog\/wp-json\/wp\/v2\/users\/1"}],"replies":[{"embeddable":true,"href":"https:\/\/le-bol.fr\/blog\/wp-json\/wp\/v2\/comments?post=15958"}],"version-history":[{"count":9,"href":"https:\/\/le-bol.fr\/blog\/wp-json\/wp\/v2\/posts\/15958\/revisions"}],"predecessor-version":[{"id":16433,"href":"https:\/\/le-bol.fr\/blog\/wp-json\/wp\/v2\/posts\/15958\/revisions\/16433"}],"wp:featuredmedia":[{"embeddable":true,"href":"https:\/\/le-bol.fr\/blog\/wp-json\/wp\/v2\/media\/15960"}],"wp:attachment":[{"href":"https:\/\/le-bol.fr\/blog\/wp-json\/wp\/v2\/media?parent=15958"}],"wp:term":[{"taxonomy":"category","embeddable":true,"href":"https:\/\/le-bol.fr\/blog\/wp-json\/wp\/v2\/categories?post=15958"},{"taxonomy":"post_tag","embeddable":true,"href":"https:\/\/le-bol.fr\/blog\/wp-json\/wp\/v2\/tags?post=15958"}],"curies":[{"name":"wp","href":"https:\/\/api.w.org\/{rel}","templated":true}]}}